{"id":27444,"date":"2026-09-03T17:06:32","date_gmt":"2026-09-03T21:06:32","guid":{"rendered":"https:\/\/elalto.gob.bo\/noticias\/?p=27444"},"modified":"2026-09-03T17:06:34","modified_gmt":"2026-09-03T21:06:34","slug":"80-de-unidades-educativas-de-el-alto-ya-estan-conectadas-a-internet-satelital-starlink","status":"publish","type":"post","link":"https:\/\/elalto.gob.bo\/noticias\/?p=27444","title":{"rendered":"80% de Unidades Educativas de El Alto ya est\u00e1n conectadas a internet satelital Starlink"},"content":{"rendered":"\n<p class=\"wp-block-paragraph\"><em>PRENSA GAMEA \/ Jue 03.09.2026<\/em><\/p>\n\n\n\n<p class=\"wp-block-paragraph\">Cerca de 240 unidades educativas de El Alto cuentan a la fecha con antenas de internet satelital Starlink plenamente operativas, permitiendo que m\u00e1s de 260 mil estudiantes de los niveles inicial, primario y secundario accedan a conectividad de alta velocidad en sus aulas. La iniciativa se concreta gracias a un convenio interinstitucional gestionado por el Alcalde de la urbe, Eliser Roca Tancara, con el Gobierno Central.<\/p>\n\n\n\n<p class=\"wp-block-paragraph\">La implementaci\u00f3n alcanza casi el 80% de ejecuci\u00f3n f\u00edsica en los colegios de la urbe, garantizando que los escolares cuenten con una conexi\u00f3n r\u00e1pida para resolver sus tareas, realizar investigaciones y fortalecer su aprendizaje diario.<\/p>\n\n\n\n<p class=\"wp-block-paragraph\">\u00abFuimos un municipio beneficiado con las primeras instalaciones de las antenas Starlink. Avanzamos en casi el 80% y estamos llegando a cerca de 240 unidades educativas. Es una satisfacci\u00f3n para las escuelas y para las familias, ya que este servicio es fundamental para potenciar el equipamiento inform\u00e1tico de nuestros ni\u00f1os y j\u00f3venes\u00bb, destac\u00f3 el Secretario Municipal de Educaci\u00f3n y Cultura, Carlos Flores.<\/p>\n\n\n\n<p class=\"wp-block-paragraph\">De acuerdo con la planificaci\u00f3n oficial, para la tercera semana de septiembre se completar\u00e1 un total de 312 instalaciones. Con el fin de abarcar las 24 Unidades Educativas faltantes y garantizar el 100% de la cobertura; la administraci\u00f3n edil coordinar\u00e1 la asignaci\u00f3n de recursos econ\u00f3micos de su presupuesto institucional.<br>\/\/\/\/\/<\/p>\n","protected":false},"excerpt":{"rendered":"<p>PRENSA GAMEA \/ Jue 03.09.2026 Cerca de 240 unidades educativas de El Alto cuentan a la fecha con antenas de internet satelital Starlink plenamente operativas, permitiendo que m\u00e1s de 260 mil estudiantes de los niveles inicial, primario y secundario accedan a conectividad de alta velocidad en sus aulas. La iniciativa se concreta gracias a un [&hellip;]<\/p>\n","protected":false},"author":17,"featured_media":27445,"comment_status":"open","ping_status":"open","sticky":false,"template":"","format":"standard","meta":{"content-type":"","footnotes":""},"categories":[401],"tags":[],"class_list":["post-27444","post","type-post","status-publish","format-standard","has-post-thumbnail","category-educacion"],"_links":{"self":[{"href":"https:\/\/elalto.gob.bo\/noticias\/index.php?rest_route=\/wp\/v2\/posts\/27444","targetHints":{"allow":["GET"]}}],"collection":[{"href":"https:\/\/elalto.gob.bo\/noticias\/index.php?rest_route=\/wp\/v2\/posts"}],"about":[{"href":"https:\/\/elalto.gob.bo\/noticias\/index.php?rest_route=\/wp\/v2\/types\/post"}],"author":[{"embeddable":true,"href":"https:\/\/elalto.gob.bo\/noticias\/index.php?rest_route=\/wp\/v2\/users\/17"}],"replies":[{"embeddable":true,"href":"https:\/\/elalto.gob.bo\/noticias\/index.php?rest_route=%2Fwp%2Fv2%2Fcomments&post=27444"}],"version-history":[{"count":1,"href":"https:\/\/elalto.gob.bo\/noticias\/index.php?rest_route=\/wp\/v2\/posts\/27444\/revisions"}],"predecessor-version":[{"id":27446,"href":"https:\/\/elalto.gob.bo\/noticias\/index.php?rest_route=\/wp\/v2\/posts\/27444\/revisions\/27446"}],"wp:featuredmedia":[{"embeddable":true,"href":"https:\/\/elalto.gob.bo\/noticias\/index.php?rest_route=\/wp\/v2\/media\/27445"}],"wp:attachment":[{"href":"https:\/\/elalto.gob.bo\/noticias\/index.php?rest_route=%2Fwp%2Fv2%2Fmedia&parent=27444"}],"wp:term":[{"taxonomy":"category","embeddable":true,"href":"https:\/\/elalto.gob.bo\/noticias\/index.php?rest_route=%2Fwp%2Fv2%2Fcategories&post=27444"},{"taxonomy":"post_tag","embeddable":true,"href":"https:\/\/elalto.gob.bo\/noticias\/index.php?rest_route=%2Fwp%2Fv2%2Ftags&post=27444"}],"curies":[{"name":"wp","href":"https:\/\/api.w.org\/{rel}","templated":true}]}}