{"id":27451,"date":"2026-09-03T17:44:01","date_gmt":"2026-09-03T21:44:01","guid":{"rendered":"https:\/\/elalto.gob.bo\/noticias\/?p=27451"},"modified":"2026-09-03T17:44:06","modified_gmt":"2026-09-03T21:44:06","slug":"alcaldia-activa-acciones-de-proteccion-tras-denuncia-de-presunto-estupro-a-adolescente","status":"publish","type":"post","link":"https:\/\/elalto.gob.bo\/noticias\/?p=27451","title":{"rendered":"Alcald\u00eda activa acciones de protecci\u00f3n tras denuncia de presunto estupro a adolescente"},"content":{"rendered":"\n<p class=\"wp-block-paragraph\"><em>PRENSA GAMEA\/Jue 03.09.2026<\/em><\/p>\n\n\n\n<p class=\"wp-block-paragraph\">La Alcald\u00eda de El Alto activ\u00f3 acciones de protecci\u00f3n y seguimiento tras conocer la denuncia presentada por los progenitores de una adolescente de 14 a\u00f1os, quien estar\u00eda embarazada de aproximadamente dos meses y cuyo presunto progenitor ser\u00eda un joven de 20 a\u00f1os, actualmente aprehendido.<\/p>\n\n\n\n<p class=\"wp-block-paragraph\">El Secretario de Desarrollo Humano, Israel Fern\u00e1ndez, asegur\u00f3 \u201cSe ha presentado una denuncia por parte de los progenitores de una adolescente de 14 a\u00f1os, en fecha 29 de agosto. Ellos refieren que la adolescente est\u00e1 embarazada de dos meses y que el progenitor ser\u00eda una persona de 20 a\u00f1os\u00bb.<\/p>\n\n\n\n<p class=\"wp-block-paragraph\">La autoridad tambi\u00e9n inform\u00f3, que el d\u00eda de ayer se hizo la aprehensi\u00f3n del hombre de 20 a\u00f1os. \u00abEs ah\u00ed donde nosotros tomamos conocimiento del caso y nos apersonamos para realizar las acciones correspondientes de manera inmediata, dentro de la etapa preliminar\u00bb, detall\u00f3 Fern\u00e1ndez.<\/p>\n\n\n\n<p class=\"wp-block-paragraph\">\u00abEstamos a la espera de la resoluci\u00f3n de imputaci\u00f3n formal, puesto que es lo que corresponde dentro del proceso. Tambi\u00e9n se trabaja en la contenci\u00f3n y, sobre todo, habr\u00e1 una participaci\u00f3n activa en apoyo a la menor de edad, para precautelar y resguardar sus derechos\u00bb, asegur\u00f3.<\/p>\n\n\n\n<p class=\"wp-block-paragraph\">Respecto a la parte normativa, el estupro est\u00e1 tipificado en el art\u00edculo 309 del C\u00f3digo Penal. Este establece que incurre en este delito quien, mediante seducci\u00f3n o enga\u00f1o, tenga acceso carnal con una persona mayor de 14 y menor de 18 a\u00f1os. La pena establecida es de tres a seis a\u00f1os de privaci\u00f3n de libertad<\/p>\n\n\n\n<p class=\"wp-block-paragraph\">Fern\u00e1ndez explic\u00f3 que el art\u00edculo 310 del C\u00f3digo Penal establece agravantes que pueden incrementar la sanci\u00f3n en cinco a\u00f1os. Entre ellas se encuentra el hecho de que la v\u00edctima est\u00e9 embarazada o que, como consecuencia del hecho, quede embarazada. Por ello, esta circunstancia deber\u00e1 ser considerada por las autoridades competentes dentro de la investigaci\u00f3n y la correspondiente calificaci\u00f3n jur\u00eddica del caso.<\/p>\n\n\n\n<p class=\"wp-block-paragraph\">\u00abCuando hablamos de delitos de violencia sexual, estamos hablando de hechos que vulneran derechos fundamentales. Por eso, desde la Alcald\u00eda actuamos con mayor ah\u00ednco en este tipo de casos, brindando apoyo y contenci\u00f3n para precautelar y resguardar los derechos de la menor de edad\u201d, se\u00f1al\u00f3 Fern\u00e1ndez.<\/p>\n\n\n\n<p class=\"wp-block-paragraph\">La autoridad municipal explic\u00f3 que la Alcald\u00eda realiza el seguimiento correspondiente al caso y brinda apoyo a la adolescente, priorizando su protecci\u00f3n y el resguardo de sus derechos durante el proceso.<\/p>\n\n\n\n<p class=\"wp-block-paragraph\">\/\/\/\/\/\/\/<\/p>\n\n\n\n<p class=\"wp-block-paragraph\"><\/p>\n\n\n\n<p class=\"wp-block-paragraph\"><br><\/p>\n\n\n\n<p class=\"wp-block-paragraph\"><\/p>\n\n\n\n<p class=\"wp-block-paragraph\"><\/p>\n","protected":false},"excerpt":{"rendered":"<p>PRENSA GAMEA\/Jue 03.09.2026 La Alcald\u00eda de El Alto activ\u00f3 acciones de protecci\u00f3n y seguimiento tras conocer la denuncia presentada por los progenitores de una adolescente de 14 a\u00f1os, quien estar\u00eda embarazada de aproximadamente dos meses y cuyo presunto progenitor ser\u00eda un joven de 20 a\u00f1os, actualmente aprehendido. El Secretario de Desarrollo Humano, Israel Fern\u00e1ndez, asegur\u00f3 [&hellip;]<\/p>\n","protected":false},"author":17,"featured_media":27452,"comment_status":"open","ping_status":"open","sticky":false,"template":"","format":"standard","meta":{"content-type":"","footnotes":""},"categories":[15],"tags":[],"class_list":["post-27451","post","type-post","status-publish","format-standard","has-post-thumbnail","category-gestion"],"_links":{"self":[{"href":"https:\/\/elalto.gob.bo\/noticias\/index.php?rest_route=\/wp\/v2\/posts\/27451","targetHints":{"allow":["GET"]}}],"collection":[{"href":"https:\/\/elalto.gob.bo\/noticias\/index.php?rest_route=\/wp\/v2\/posts"}],"about":[{"href":"https:\/\/elalto.gob.bo\/noticias\/index.php?rest_route=\/wp\/v2\/types\/post"}],"author":[{"embeddable":true,"href":"https:\/\/elalto.gob.bo\/noticias\/index.php?rest_route=\/wp\/v2\/users\/17"}],"replies":[{"embeddable":true,"href":"https:\/\/elalto.gob.bo\/noticias\/index.php?rest_route=%2Fwp%2Fv2%2Fcomments&post=27451"}],"version-history":[{"count":1,"href":"https:\/\/elalto.gob.bo\/noticias\/index.php?rest_route=\/wp\/v2\/posts\/27451\/revisions"}],"predecessor-version":[{"id":27453,"href":"https:\/\/elalto.gob.bo\/noticias\/index.php?rest_route=\/wp\/v2\/posts\/27451\/revisions\/27453"}],"wp:featuredmedia":[{"embeddable":true,"href":"https:\/\/elalto.gob.bo\/noticias\/index.php?rest_route=\/wp\/v2\/media\/27452"}],"wp:attachment":[{"href":"https:\/\/elalto.gob.bo\/noticias\/index.php?rest_route=%2Fwp%2Fv2%2Fmedia&parent=27451"}],"wp:term":[{"taxonomy":"category","embeddable":true,"href":"https:\/\/elalto.gob.bo\/noticias\/index.php?rest_route=%2Fwp%2Fv2%2Fcategories&post=27451"},{"taxonomy":"post_tag","embeddable":true,"href":"https:\/\/elalto.gob.bo\/noticias\/index.php?rest_route=%2Fwp%2Fv2%2Ftags&post=27451"}],"curies":[{"name":"wp","href":"https:\/\/api.w.org\/{rel}","templated":true}]}}