{"id":27454,"date":"2026-09-03T17:48:32","date_gmt":"2026-09-03T21:48:32","guid":{"rendered":"https:\/\/elalto.gob.bo\/noticias\/?p=27454"},"modified":"2026-09-03T17:48:35","modified_gmt":"2026-09-03T21:48:35","slug":"municipio-realiza-trabajos-de-bacheo-en-villa-dolores-distrito-1-de-el-alto","status":"publish","type":"post","link":"https:\/\/elalto.gob.bo\/noticias\/?p=27454","title":{"rendered":"Municipio realiza trabajos de bacheo en Villa Dolores Distrito 1 de El Alto"},"content":{"rendered":"\n<p class=\"wp-block-paragraph\"><em>Prensa GAMEA\/Jue 03.09.26<\/em><\/p>\n\n\n\n<p class=\"wp-block-paragraph\">Con el fin de brindar atenci\u00f3n a la necesidad de la zona y los vecinos, el municipio desarrolla trabajos de bacheo en la Avenida Antofagasta de Villa Dolores del Distrito 1 de El Alto.<\/p>\n\n\n\n<p class=\"wp-block-paragraph\">La Unidad de Mantenimiento y Bacheo de la Direcci\u00f3n de Obras Municipales, mediante su personal t\u00e9cnico ejecuta la intervenci\u00f3n de bacheo en este sector de la ciudad. \u201cHemos empezado desde la Plaza Obelisco y nos dirigimos hasta la plaza Juana Azurduy\u2026 en un \u00e1rea aproximada de 200 metros cuadrados\u201d, dijo el Jefe de Unidad de esta dependencia municipal, Iver Murillo.<\/p>\n\n\n\n<p class=\"wp-block-paragraph\">Explic\u00f3 que este trabajo est\u00e1 ejecutado con una correcta implementaci\u00f3n del material y el asfalto, por lo que se prev\u00e9 un extenso tiempo de duraci\u00f3n del mismo.<\/p>\n\n\n\n<p class=\"wp-block-paragraph\">Asimismo, indic\u00f3 que en el marco del Plan Cero Baches en la ciudad se continuar\u00e1 con las intervenciones, ejecutando tareas en los diferentes distritos de la urbe alte\u00f1a, con la caracter\u00edstica de di\u00e1logo y coordinaci\u00f3n previa con los dirigentes de las juntas vecinales beneficiarias.<\/p>\n\n\n\n<p class=\"wp-block-paragraph\">Por su parte, el Presidente de la Asociaci\u00f3n de Conjunto Folcl\u00f3ricos Central Dolores, Juan Carlos Quisberth, agradeci\u00f3 al Alcalde municipal Eliser Roca por el cumplimiento del compromiso en la atenci\u00f3n requerida, m\u00e1s aun cuando est\u00e1 pr\u00f3xima la festividad de la zona \u201cquiero hacer extensivo el agradeciendo de parte de todas las fraternidades a nuestro se\u00f1or Alcalde y la Subalcaldesa\u2026 con el bacheo, con las luminarias estamos mejor\u201d, dijo.<\/p>\n\n\n\n<p class=\"wp-block-paragraph\">\/\/\/\/\/<\/p>\n\n\n\n<p class=\"wp-block-paragraph\"><br><\/p>\n\n\n\n<p class=\"wp-block-paragraph\"><\/p>\n\n\n\n<p class=\"wp-block-paragraph\"><br><\/p>\n","protected":false},"excerpt":{"rendered":"<p>Prensa GAMEA\/Jue 03.09.26 Con el fin de brindar atenci\u00f3n a la necesidad de la zona y los vecinos, el municipio desarrolla trabajos de bacheo en la Avenida Antofagasta de Villa Dolores del Distrito 1 de El Alto. La Unidad de Mantenimiento y Bacheo de la Direcci\u00f3n de Obras Municipales, mediante su personal t\u00e9cnico ejecuta la [&hellip;]<\/p>\n","protected":false},"author":17,"featured_media":27455,"comment_status":"open","ping_status":"open","sticky":false,"template":"","format":"standard","meta":{"content-type":"","footnotes":""},"categories":[165],"tags":[],"class_list":["post-27454","post","type-post","status-publish","format-standard","has-post-thumbnail","category-subalcaldias"],"_links":{"self":[{"href":"https:\/\/elalto.gob.bo\/noticias\/index.php?rest_route=\/wp\/v2\/posts\/27454","targetHints":{"allow":["GET"]}}],"collection":[{"href":"https:\/\/elalto.gob.bo\/noticias\/index.php?rest_route=\/wp\/v2\/posts"}],"about":[{"href":"https:\/\/elalto.gob.bo\/noticias\/index.php?rest_route=\/wp\/v2\/types\/post"}],"author":[{"embeddable":true,"href":"https:\/\/elalto.gob.bo\/noticias\/index.php?rest_route=\/wp\/v2\/users\/17"}],"replies":[{"embeddable":true,"href":"https:\/\/elalto.gob.bo\/noticias\/index.php?rest_route=%2Fwp%2Fv2%2Fcomments&post=27454"}],"version-history":[{"count":1,"href":"https:\/\/elalto.gob.bo\/noticias\/index.php?rest_route=\/wp\/v2\/posts\/27454\/revisions"}],"predecessor-version":[{"id":27456,"href":"https:\/\/elalto.gob.bo\/noticias\/index.php?rest_route=\/wp\/v2\/posts\/27454\/revisions\/27456"}],"wp:featuredmedia":[{"embeddable":true,"href":"https:\/\/elalto.gob.bo\/noticias\/index.php?rest_route=\/wp\/v2\/media\/27455"}],"wp:attachment":[{"href":"https:\/\/elalto.gob.bo\/noticias\/index.php?rest_route=%2Fwp%2Fv2%2Fmedia&parent=27454"}],"wp:term":[{"taxonomy":"category","embeddable":true,"href":"https:\/\/elalto.gob.bo\/noticias\/index.php?rest_route=%2Fwp%2Fv2%2Fcategories&post=27454"},{"taxonomy":"post_tag","embeddable":true,"href":"https:\/\/elalto.gob.bo\/noticias\/index.php?rest_route=%2Fwp%2Fv2%2Ftags&post=27454"}],"curies":[{"name":"wp","href":"https:\/\/api.w.org\/{rel}","templated":true}]}}