{"id":27462,"date":"2026-09-03T19:53:16","date_gmt":"2026-09-03T23:53:16","guid":{"rendered":"https:\/\/elalto.gob.bo\/noticias\/?p=27462"},"modified":"2026-09-03T19:53:18","modified_gmt":"2026-09-03T23:53:18","slug":"alcaldia-garantiza-condicion-del-campo-deportivo-del-titan-de-villa-ingenio-para-los-partidos-de-la-seleccion-nacional","status":"publish","type":"post","link":"https:\/\/elalto.gob.bo\/noticias\/?p=27462","title":{"rendered":"Alcald\u00eda garantiza condici\u00f3n del campo deportivo del Tit\u00e1n de Villa Ingenio para los partidos de la selecci\u00f3n nacional"},"content":{"rendered":"\n<p class=\"wp-block-paragraph\"><strong>PRENSA GAMEA\/ Jue 03.09.2026<\/strong><\/p>\n\n\n\n<p class=\"wp-block-paragraph\">El Alcalde de la ciudad de El Alto, Eliser Roca Tancara, desminti\u00f3 los rumores sobre el mal uso y estado deteriorado del Estadio de Villa Ingenio y garantiz\u00f3 que en este escenario deportivo se lleve a cabo los partidos de la selecci\u00f3n nacional de futbol.<\/p>\n\n\n\n<p class=\"wp-block-paragraph\">\u201cAnte rumores mal intencionados de que el campo de Villa Ingenio no estar\u00eda apto para los partidos de la selecci\u00f3n boliviana, quiero decir de manera categ\u00f3rica, como municipio de El Alto garantizamos que este campo deportivo va a estar en \u00f3ptimas condiciones para los partidos de nuestra selecci\u00f3n boliviana\u00bb, afirm\u00f3.<\/p>\n\n\n\n<p class=\"wp-block-paragraph\">Sobre el mantenimiento, el Alcalde explic\u00f3 que actualmente este escenario deportivo est\u00e1 a cargo del Club Always Ready, en base a un convenio suscrito por la anterior gesti\u00f3n municipal de la Exalcaldesa Eva Copa.<\/p>\n\n\n\n<p class=\"wp-block-paragraph\">Asimismo, solicit\u00f3 que se pueda dar a conocer el supuesto informe donde se detalla el mal uso y las condiciones no aptas del estadio. \u201cQuiero ver d\u00f3nde est\u00e1 ese informe que dice que el campo deportivo estar\u00eda maltratado\u00bb, se\u00f1al\u00f3.<\/p>\n\n\n\n<p class=\"wp-block-paragraph\">El martes circul\u00f3 un comunicado en el que se mencionaba sobre el uso inapropiado por parte de la Alcald\u00eda respecto al campo deportivo, cuando el Gobierno Municipal solo utiliz\u00f3 una vez el mismo para la inauguraci\u00f3n de los Juegos Estudiantiles.<\/p>\n\n\n\n<p class=\"wp-block-paragraph\">Ante esta pol\u00e9mica, inventada, la autoridad asegur\u00f3 que, si el club Always Ready no estuviera en condiciones de continuar con el mantenimiento, el Gobierno Aut\u00f3nomo Municipal de El Alto asumir\u00e1 directamente esa responsabilidad.<\/p>\n\n\n\n<p class=\"wp-block-paragraph\">\u00abSi acaso el club Always Ready no est\u00e1 en condiciones de mantener el estadio de Villa Ingenio, pues nosotros como municipio lo vamos a realizar para garantizar 100% que sea de uso permanente de la poblaci\u00f3n alte\u00f1a, de nuestros j\u00f3venes, y adem\u00e1s de que nuestra selecci\u00f3n juegue en este campo deportivo. Lo garantizamos desde el municipio de El Alto\u00bb, concluy\u00f3.<br>\/\/\/\/<\/p>\n","protected":false},"excerpt":{"rendered":"<p>PRENSA GAMEA\/ Jue 03.09.2026 El Alcalde de la ciudad de El Alto, Eliser Roca Tancara, desminti\u00f3 los rumores sobre el mal uso y estado deteriorado del Estadio de Villa Ingenio y garantiz\u00f3 que en este escenario deportivo se lleve a cabo los partidos de la selecci\u00f3n nacional de futbol. \u201cAnte rumores mal intencionados de que [&hellip;]<\/p>\n","protected":false},"author":17,"featured_media":27463,"comment_status":"open","ping_status":"open","sticky":false,"template":"","format":"standard","meta":{"content-type":"","footnotes":""},"categories":[163],"tags":[],"class_list":["post-27462","post","type-post","status-publish","format-standard","has-post-thumbnail","category-deportes"],"_links":{"self":[{"href":"https:\/\/elalto.gob.bo\/noticias\/index.php?rest_route=\/wp\/v2\/posts\/27462","targetHints":{"allow":["GET"]}}],"collection":[{"href":"https:\/\/elalto.gob.bo\/noticias\/index.php?rest_route=\/wp\/v2\/posts"}],"about":[{"href":"https:\/\/elalto.gob.bo\/noticias\/index.php?rest_route=\/wp\/v2\/types\/post"}],"author":[{"embeddable":true,"href":"https:\/\/elalto.gob.bo\/noticias\/index.php?rest_route=\/wp\/v2\/users\/17"}],"replies":[{"embeddable":true,"href":"https:\/\/elalto.gob.bo\/noticias\/index.php?rest_route=%2Fwp%2Fv2%2Fcomments&post=27462"}],"version-history":[{"count":1,"href":"https:\/\/elalto.gob.bo\/noticias\/index.php?rest_route=\/wp\/v2\/posts\/27462\/revisions"}],"predecessor-version":[{"id":27464,"href":"https:\/\/elalto.gob.bo\/noticias\/index.php?rest_route=\/wp\/v2\/posts\/27462\/revisions\/27464"}],"wp:featuredmedia":[{"embeddable":true,"href":"https:\/\/elalto.gob.bo\/noticias\/index.php?rest_route=\/wp\/v2\/media\/27463"}],"wp:attachment":[{"href":"https:\/\/elalto.gob.bo\/noticias\/index.php?rest_route=%2Fwp%2Fv2%2Fmedia&parent=27462"}],"wp:term":[{"taxonomy":"category","embeddable":true,"href":"https:\/\/elalto.gob.bo\/noticias\/index.php?rest_route=%2Fwp%2Fv2%2Fcategories&post=27462"},{"taxonomy":"post_tag","embeddable":true,"href":"https:\/\/elalto.gob.bo\/noticias\/index.php?rest_route=%2Fwp%2Fv2%2Ftags&post=27462"}],"curies":[{"name":"wp","href":"https:\/\/api.w.org\/{rel}","templated":true}]}}