{"id":27465,"date":"2026-09-04T15:48:04","date_gmt":"2026-09-04T19:48:04","guid":{"rendered":"https:\/\/elalto.gob.bo\/noticias\/?p=27465"},"modified":"2026-09-04T15:48:06","modified_gmt":"2026-09-04T19:48:06","slug":"alcaldia-de-el-alto-donara-equipos-decomisados-en-operativos","status":"publish","type":"post","link":"https:\/\/elalto.gob.bo\/noticias\/?p=27465","title":{"rendered":"Alcald\u00eda de El Alto donar\u00e1 equipos decomisados en operativos"},"content":{"rendered":"\n<p class=\"wp-block-paragraph\">PRENSA GAMEA\/Vie 04.09.2026<\/p>\n\n\n\n<p class=\"wp-block-paragraph\">Sillones, televisores, parlantes, juego de luces y otros objetos fueron decomisados durante los operativos realizados por la Intendencia Municipal de El Alto en establecimientos denominados \u201cminicines\u201d, ubicados principalmente en inmediaciones de la Universidad P\u00fablica de El Alto (UPEA), inform\u00f3 el Secretario Municipal de Seguridad Ciudadana, Elio Pacheco.<\/p>\n\n\n\n<p class=\"wp-block-paragraph\">\u201cEstos son sillones de los \u00faltimos operativos que hemos realizado en los mal llamados minicines. Para nosotros ser\u00edan denominados \u2018minimoteles\u2019, porque este tipo de muebles han sido fabricados exclusivamente para que los j\u00f3venes tengan relaciones sexuales. En los operativos hemos encontrado preservativos, restos de consumo de marihuana y bebidas alcoh\u00f3licas\u201d, manifest\u00f3.<\/p>\n\n\n\n<figure class=\"wp-block-image size-large\"><img loading=\"lazy\" loading=\"lazy\" decoding=\"async\" width=\"1024\" height=\"674\" src=\"https:\/\/elalto.gob.bo\/noticias\/wp-content\/uploads\/2026\/09\/WhatsApp-Image-2026-09-04-at-13.44.08-1024x674.jpeg\" alt=\"\" class=\"wp-image-27467\" srcset=\"https:\/\/elalto.gob.bo\/noticias\/wp-content\/uploads\/2026\/09\/WhatsApp-Image-2026-09-04-at-13.44.08-1024x674.jpeg 1024w, https:\/\/elalto.gob.bo\/noticias\/wp-content\/uploads\/2026\/09\/WhatsApp-Image-2026-09-04-at-13.44.08-300x198.jpeg 300w, https:\/\/elalto.gob.bo\/noticias\/wp-content\/uploads\/2026\/09\/WhatsApp-Image-2026-09-04-at-13.44.08-768x506.jpeg 768w, https:\/\/elalto.gob.bo\/noticias\/wp-content\/uploads\/2026\/09\/WhatsApp-Image-2026-09-04-at-13.44.08-860x566.jpeg 860w, https:\/\/elalto.gob.bo\/noticias\/wp-content\/uploads\/2026\/09\/WhatsApp-Image-2026-09-04-at-13.44.08.jpeg 1280w\" sizes=\"auto, (max-width: 1024px) 100vw, 1024px\" \/><\/figure>\n\n\n\n<p class=\"wp-block-paragraph\">La autoridad se\u00f1al\u00f3 que todo el material decomisado ser\u00e1 entregado a instituciones sin fines de lucro, entre ellas albergues, orfanatos, asilos de ancianos, unidades educativas y la Polic\u00eda Boliviana, con el objetivo de que estos bienes tengan un uso social.<\/p>\n\n\n\n<p class=\"wp-block-paragraph\">Pacheco explic\u00f3 que estos establecimientos fueron autorizados originalmente como espacios de entretenimiento visual; sin embargo, muchos no cuentan con patente o licencia de funcionamiento. En ese marco, indic\u00f3 que cerca de 30 minicines ya fueron clausurados y que se procedi\u00f3 al decomiso de sus bienes.<\/p>\n\n\n\n<p class=\"wp-block-paragraph\">\u201cEl d\u00eda martes, a las 10:00 de la ma\u00f1ana, el Alcalde Eliser Roca, har\u00e1 la donaci\u00f3n de todo este material: televisores, sillones, equipos, entre otros, a instituciones sin fines de lucro, como albergues, orfanatos y asilos de ancianos; tambi\u00e9n ser\u00e1n beneficiadas unidades educativas y la Polic\u00eda Boliviana\u201d, anunci\u00f3.<\/p>\n\n\n\n<figure class=\"wp-block-image size-large\"><img loading=\"lazy\" loading=\"lazy\" decoding=\"async\" width=\"1024\" height=\"768\" src=\"https:\/\/elalto.gob.bo\/noticias\/wp-content\/uploads\/2026\/09\/WhatsApp-Image-2026-09-04-at-13.44.09-1024x768.jpeg\" alt=\"\" class=\"wp-image-27468\" srcset=\"https:\/\/elalto.gob.bo\/noticias\/wp-content\/uploads\/2026\/09\/WhatsApp-Image-2026-09-04-at-13.44.09-1024x768.jpeg 1024w, https:\/\/elalto.gob.bo\/noticias\/wp-content\/uploads\/2026\/09\/WhatsApp-Image-2026-09-04-at-13.44.09-300x225.jpeg 300w, https:\/\/elalto.gob.bo\/noticias\/wp-content\/uploads\/2026\/09\/WhatsApp-Image-2026-09-04-at-13.44.09-768x576.jpeg 768w, https:\/\/elalto.gob.bo\/noticias\/wp-content\/uploads\/2026\/09\/WhatsApp-Image-2026-09-04-at-13.44.09-860x645.jpeg 860w, https:\/\/elalto.gob.bo\/noticias\/wp-content\/uploads\/2026\/09\/WhatsApp-Image-2026-09-04-at-13.44.09.jpeg 1280w\" sizes=\"auto, (max-width: 1024px) 100vw, 1024px\" \/><\/figure>\n\n\n\n<p class=\"wp-block-paragraph\">Pacheco destac\u00f3 que estos bienes, en lugar de continuar siendo utilizados en establecimientos clausurados, tendr\u00e1n un nuevo destino orientado al beneficio de la poblaci\u00f3n.<\/p>\n\n\n\n<p class=\"wp-block-paragraph\">\u201cTodo este material ya no va a servir para perturbar la mente de los j\u00f3venes ni para intoxicarlos; va a tener un fin social, para que sirva a la sociedad y, de esa manera, podamos contribuir a la seguridad ciudadana de El Alto\u201d, afirm\u00f3.<\/p>\n\n\n\n<p class=\"wp-block-paragraph\">Asimismo, inform\u00f3 que durante el \u00faltimo operativo 85 j\u00f3venes fueron trasladados a dependencias policiales debido al consumo de bebidas alcoh\u00f3licas.<\/p>\n\n\n\n<figure class=\"wp-block-image size-large\"><img loading=\"lazy\" loading=\"lazy\" decoding=\"async\" width=\"1024\" height=\"768\" src=\"https:\/\/elalto.gob.bo\/noticias\/wp-content\/uploads\/2026\/09\/WhatsApp-Image-2026-09-04-at-13.44.12-1024x768.jpeg\" alt=\"\" class=\"wp-image-27469\" srcset=\"https:\/\/elalto.gob.bo\/noticias\/wp-content\/uploads\/2026\/09\/WhatsApp-Image-2026-09-04-at-13.44.12-1024x768.jpeg 1024w, https:\/\/elalto.gob.bo\/noticias\/wp-content\/uploads\/2026\/09\/WhatsApp-Image-2026-09-04-at-13.44.12-300x225.jpeg 300w, https:\/\/elalto.gob.bo\/noticias\/wp-content\/uploads\/2026\/09\/WhatsApp-Image-2026-09-04-at-13.44.12-768x576.jpeg 768w, https:\/\/elalto.gob.bo\/noticias\/wp-content\/uploads\/2026\/09\/WhatsApp-Image-2026-09-04-at-13.44.12-860x645.jpeg 860w, https:\/\/elalto.gob.bo\/noticias\/wp-content\/uploads\/2026\/09\/WhatsApp-Image-2026-09-04-at-13.44.12.jpeg 1280w\" sizes=\"auto, (max-width: 1024px) 100vw, 1024px\" \/><\/figure>\n\n\n\n<p class=\"wp-block-paragraph\">La autoridad advirti\u00f3 a los propietarios de estos establecimientos sobre la responsabilidad que podr\u00edan asumir si en sus instalaciones se registran hechos delictivos.<br>\u201cLos propietarios que est\u00e1n facilitando estos establecimientos deben tener mucho cuidado, porque existe una corresponsabilidad. Si hay un homicidio o una violaci\u00f3n, pueden ser vinculados por complicidad ante estos delitos\u201d, advirti\u00f3.<\/p>\n\n\n\n<p class=\"wp-block-paragraph\">Finalmente, Pacheco inform\u00f3 que los operativos continuar\u00e1n en bares y cantinas, tanto en establecimientos clandestinos como en aquellos que cuentan con licencia de funcionamiento.<\/p>\n\n\n\n<p class=\"wp-block-paragraph\">\u201cEn el tema de bares y cantinas estamos haciendo operativos a los clandestinos y, a los legales que tienen licencia de funcionamiento, les hemos dicho que cuiden sus permisos y brinden las garant\u00edas necesarias\u00bb, concluy\u00f3.<\/p>\n","protected":false},"excerpt":{"rendered":"<p>PRENSA GAMEA\/Vie 04.09.2026 Sillones, televisores, parlantes, juego de luces y otros objetos fueron decomisados durante los operativos realizados por la Intendencia Municipal de El Alto en establecimientos denominados \u201cminicines\u201d, ubicados principalmente en inmediaciones de la Universidad P\u00fablica de El Alto (UPEA), inform\u00f3 el Secretario Municipal de Seguridad Ciudadana, Elio Pacheco. \u201cEstos son sillones de los [&hellip;]<\/p>\n","protected":false},"author":17,"featured_media":27466,"comment_status":"open","ping_status":"open","sticky":false,"template":"","format":"standard","meta":{"content-type":"","footnotes":""},"categories":[162],"tags":[],"class_list":["post-27465","post","type-post","status-publish","format-standard","has-post-thumbnail","category-seguridad"],"_links":{"self":[{"href":"https:\/\/elalto.gob.bo\/noticias\/index.php?rest_route=\/wp\/v2\/posts\/27465","targetHints":{"allow":["GET"]}}],"collection":[{"href":"https:\/\/elalto.gob.bo\/noticias\/index.php?rest_route=\/wp\/v2\/posts"}],"about":[{"href":"https:\/\/elalto.gob.bo\/noticias\/index.php?rest_route=\/wp\/v2\/types\/post"}],"author":[{"embeddable":true,"href":"https:\/\/elalto.gob.bo\/noticias\/index.php?rest_route=\/wp\/v2\/users\/17"}],"replies":[{"embeddable":true,"href":"https:\/\/elalto.gob.bo\/noticias\/index.php?rest_route=%2Fwp%2Fv2%2Fcomments&post=27465"}],"version-history":[{"count":1,"href":"https:\/\/elalto.gob.bo\/noticias\/index.php?rest_route=\/wp\/v2\/posts\/27465\/revisions"}],"predecessor-version":[{"id":27470,"href":"https:\/\/elalto.gob.bo\/noticias\/index.php?rest_route=\/wp\/v2\/posts\/27465\/revisions\/27470"}],"wp:featuredmedia":[{"embeddable":true,"href":"https:\/\/elalto.gob.bo\/noticias\/index.php?rest_route=\/wp\/v2\/media\/27466"}],"wp:attachment":[{"href":"https:\/\/elalto.gob.bo\/noticias\/index.php?rest_route=%2Fwp%2Fv2%2Fmedia&parent=27465"}],"wp:term":[{"taxonomy":"category","embeddable":true,"href":"https:\/\/elalto.gob.bo\/noticias\/index.php?rest_route=%2Fwp%2Fv2%2Fcategories&post=27465"},{"taxonomy":"post_tag","embeddable":true,"href":"https:\/\/elalto.gob.bo\/noticias\/index.php?rest_route=%2Fwp%2Fv2%2Ftags&post=27465"}],"curies":[{"name":"wp","href":"https:\/\/api.w.org\/{rel}","templated":true}]}}