{"id":27471,"date":"2026-09-04T15:51:57","date_gmt":"2026-09-04T19:51:57","guid":{"rendered":"https:\/\/elalto.gob.bo\/noticias\/?p=27471"},"modified":"2026-09-04T15:52:00","modified_gmt":"2026-09-04T19:52:00","slug":"surgen-cuestionamientos-al-convenio-de-7-anos-suscrito-con-always-ready-por-el-estadio-de-villa-ingenio","status":"publish","type":"post","link":"https:\/\/elalto.gob.bo\/noticias\/?p=27471","title":{"rendered":"Surgen cuestionamientos al convenio de 7 a\u00f1os suscrito con Always Ready por el estadio de Villa Ingenio"},"content":{"rendered":"\n<p class=\"wp-block-paragraph\">PRENSA GAMEA\/ Vie 04.09.2026<\/p>\n\n\n\n<p class=\"wp-block-paragraph\">Existe la necesidad de revisar y equilibrar las condiciones del convenio suscrito, por la anterior gesti\u00f3n municipal, con Always Ready para el uso y mantenimiento del estadio de Villa Ingenio, seg\u00fan manifest\u00f3 el Alcalde de la ciudad de El Alto, Eliser Roca Tancara.<\/p>\n\n\n\n<p class=\"wp-block-paragraph\">La primera autoridad edil explic\u00f3 que el acuerdo fue firmado el 9 de marzo de 2026, durante la anterior gesti\u00f3n municipal, y cuestion\u00f3 que sus condiciones no representar\u00edan, a su criterio, un beneficio equilibrado para el municipio y la poblaci\u00f3n alte\u00f1a.<\/p>\n\n\n\n<figure class=\"wp-block-image size-large\"><img loading=\"lazy\" loading=\"lazy\" decoding=\"async\" width=\"1024\" height=\"682\" src=\"https:\/\/elalto.gob.bo\/noticias\/wp-content\/uploads\/2026\/09\/WhatsApp-Image-2026-09-04-at-14.07.26-1024x682.jpeg\" alt=\"\" class=\"wp-image-27473\" srcset=\"https:\/\/elalto.gob.bo\/noticias\/wp-content\/uploads\/2026\/09\/WhatsApp-Image-2026-09-04-at-14.07.26-1024x682.jpeg 1024w, https:\/\/elalto.gob.bo\/noticias\/wp-content\/uploads\/2026\/09\/WhatsApp-Image-2026-09-04-at-14.07.26-300x200.jpeg 300w, https:\/\/elalto.gob.bo\/noticias\/wp-content\/uploads\/2026\/09\/WhatsApp-Image-2026-09-04-at-14.07.26-768x512.jpeg 768w, https:\/\/elalto.gob.bo\/noticias\/wp-content\/uploads\/2026\/09\/WhatsApp-Image-2026-09-04-at-14.07.26-1536x1024.jpeg 1536w, https:\/\/elalto.gob.bo\/noticias\/wp-content\/uploads\/2026\/09\/WhatsApp-Image-2026-09-04-at-14.07.26-2048x1365.jpeg 2048w, https:\/\/elalto.gob.bo\/noticias\/wp-content\/uploads\/2026\/09\/WhatsApp-Image-2026-09-04-at-14.07.26-330x220.jpeg 330w, https:\/\/elalto.gob.bo\/noticias\/wp-content\/uploads\/2026\/09\/WhatsApp-Image-2026-09-04-at-14.07.26-420x280.jpeg 420w, https:\/\/elalto.gob.bo\/noticias\/wp-content\/uploads\/2026\/09\/WhatsApp-Image-2026-09-04-at-14.07.26-615x410.jpeg 615w, https:\/\/elalto.gob.bo\/noticias\/wp-content\/uploads\/2026\/09\/WhatsApp-Image-2026-09-04-at-14.07.26-860x573.jpeg 860w\" sizes=\"auto, (max-width: 1024px) 100vw, 1024px\" \/><\/figure>\n\n\n\n<p class=\"wp-block-paragraph\">\u00abEste convenio le da amplias ventajas al Club Always Ready. Por normativa es prohibido (suscribir por siete a\u00f1os). Me obligan a respetar este convenio toda mi gesti\u00f3n y adem\u00e1s la pr\u00f3xima autoridad otros 2 a\u00f1os. Eso no est\u00e1 bien\u2026 Lo que me llama la atenci\u00f3n es la transferencia formal de la propiedad del c\u00e9sped natural a favor del club\u00bb, a\u00f1adi\u00f3.<\/p>\n\n\n\n<p class=\"wp-block-paragraph\">Seg\u00fan explic\u00f3, la Alcald\u00eda se hace cargo de la infraestructura del estadio, incluyendo las grader\u00edas, luminarias, pantallas, sistema de sonido y otros componentes, mientras que Always Ready tendr\u00eda bajo su responsabilidad solo el mantenimiento del campo de c\u00e9sped natural.<\/p>\n\n\n\n<p class=\"wp-block-paragraph\">Asimismo, inform\u00f3 que el Club fundado el 13 de abril de 1933 en la ciudad de La Paz, no estar\u00eda cumpliendo con el convenio ya observado. \u201cNo se ha cumplido. El convenio da amplias ventajas al club, pero no beneficia a los ni\u00f1os alte\u00f1os\u201d.<\/p>\n\n\n\n<figure class=\"wp-block-image size-large\"><img loading=\"lazy\" loading=\"lazy\" decoding=\"async\" width=\"1024\" height=\"682\" src=\"https:\/\/elalto.gob.bo\/noticias\/wp-content\/uploads\/2026\/09\/WhatsApp-Image-2026-09-04-at-14.08.351-1024x682.jpeg\" alt=\"\" class=\"wp-image-27474\" srcset=\"https:\/\/elalto.gob.bo\/noticias\/wp-content\/uploads\/2026\/09\/WhatsApp-Image-2026-09-04-at-14.08.351-1024x682.jpeg 1024w, https:\/\/elalto.gob.bo\/noticias\/wp-content\/uploads\/2026\/09\/WhatsApp-Image-2026-09-04-at-14.08.351-300x200.jpeg 300w, https:\/\/elalto.gob.bo\/noticias\/wp-content\/uploads\/2026\/09\/WhatsApp-Image-2026-09-04-at-14.08.351-768x512.jpeg 768w, https:\/\/elalto.gob.bo\/noticias\/wp-content\/uploads\/2026\/09\/WhatsApp-Image-2026-09-04-at-14.08.351-1536x1024.jpeg 1536w, https:\/\/elalto.gob.bo\/noticias\/wp-content\/uploads\/2026\/09\/WhatsApp-Image-2026-09-04-at-14.08.351-2048x1365.jpeg 2048w, https:\/\/elalto.gob.bo\/noticias\/wp-content\/uploads\/2026\/09\/WhatsApp-Image-2026-09-04-at-14.08.351-330x220.jpeg 330w, https:\/\/elalto.gob.bo\/noticias\/wp-content\/uploads\/2026\/09\/WhatsApp-Image-2026-09-04-at-14.08.351-420x280.jpeg 420w, https:\/\/elalto.gob.bo\/noticias\/wp-content\/uploads\/2026\/09\/WhatsApp-Image-2026-09-04-at-14.08.351-615x410.jpeg 615w, https:\/\/elalto.gob.bo\/noticias\/wp-content\/uploads\/2026\/09\/WhatsApp-Image-2026-09-04-at-14.08.351-860x573.jpeg 860w\" sizes=\"auto, (max-width: 1024px) 100vw, 1024px\" \/><\/figure>\n\n\n\n<p class=\"wp-block-paragraph\">El burgomaestre detall\u00f3 4 puntos del convenio que no habr\u00edan sido ejecutados por parte de Always Ready: 1. Charlas de entrenadores, jugadores y exjugadores del CAR a ni\u00f1os, adolescentes y j\u00f3venes de El Alto 2. Apoyo a las escuelas deportivas municipales 3. Acceso libre y gratuito de ni\u00f1os y j\u00f3venes de las escuelas municipales a partidos oficiales y 4. Beneficio a jugadores destacados de la escuela municipal.<\/p>\n\n\n\n<p class=\"wp-block-paragraph\">El Alcalde afirm\u00f3 que el municipio garantizar\u00e1 la disponibilidad del estadio de Villa Ingenio para la Selecci\u00f3n Boliviana y otras actividades deportivas, pero plante\u00f3 la necesidad de revisar y equilibrar las condiciones del convenio suscrito.<\/p>\n\n\n\n<p class=\"wp-block-paragraph\">\u00abYo abro las puertas no solo a todos los clubes y en forma especial a mis ni\u00f1os y j\u00f3venes alte\u00f1os. Y por supuesto, cien por ciento garantizado para nuestra selecci\u00f3n boliviana\u00bb.<\/p>\n","protected":false},"excerpt":{"rendered":"<p>PRENSA GAMEA\/ Vie 04.09.2026 Existe la necesidad de revisar y equilibrar las condiciones del convenio suscrito, por la anterior gesti\u00f3n municipal, con Always Ready para el uso y mantenimiento del estadio de Villa Ingenio, seg\u00fan manifest\u00f3 el Alcalde de la ciudad de El Alto, Eliser Roca Tancara. La primera autoridad edil explic\u00f3 que el acuerdo [&hellip;]<\/p>\n","protected":false},"author":17,"featured_media":27472,"comment_status":"open","ping_status":"open","sticky":false,"template":"","format":"standard","meta":{"content-type":"","footnotes":""},"categories":[163],"tags":[],"class_list":["post-27471","post","type-post","status-publish","format-standard","has-post-thumbnail","category-deportes"],"_links":{"self":[{"href":"https:\/\/elalto.gob.bo\/noticias\/index.php?rest_route=\/wp\/v2\/posts\/27471","targetHints":{"allow":["GET"]}}],"collection":[{"href":"https:\/\/elalto.gob.bo\/noticias\/index.php?rest_route=\/wp\/v2\/posts"}],"about":[{"href":"https:\/\/elalto.gob.bo\/noticias\/index.php?rest_route=\/wp\/v2\/types\/post"}],"author":[{"embeddable":true,"href":"https:\/\/elalto.gob.bo\/noticias\/index.php?rest_route=\/wp\/v2\/users\/17"}],"replies":[{"embeddable":true,"href":"https:\/\/elalto.gob.bo\/noticias\/index.php?rest_route=%2Fwp%2Fv2%2Fcomments&post=27471"}],"version-history":[{"count":1,"href":"https:\/\/elalto.gob.bo\/noticias\/index.php?rest_route=\/wp\/v2\/posts\/27471\/revisions"}],"predecessor-version":[{"id":27475,"href":"https:\/\/elalto.gob.bo\/noticias\/index.php?rest_route=\/wp\/v2\/posts\/27471\/revisions\/27475"}],"wp:featuredmedia":[{"embeddable":true,"href":"https:\/\/elalto.gob.bo\/noticias\/index.php?rest_route=\/wp\/v2\/media\/27472"}],"wp:attachment":[{"href":"https:\/\/elalto.gob.bo\/noticias\/index.php?rest_route=%2Fwp%2Fv2%2Fmedia&parent=27471"}],"wp:term":[{"taxonomy":"category","embeddable":true,"href":"https:\/\/elalto.gob.bo\/noticias\/index.php?rest_route=%2Fwp%2Fv2%2Fcategories&post=27471"},{"taxonomy":"post_tag","embeddable":true,"href":"https:\/\/elalto.gob.bo\/noticias\/index.php?rest_route=%2Fwp%2Fv2%2Ftags&post=27471"}],"curies":[{"name":"wp","href":"https:\/\/api.w.org\/{rel}","templated":true}]}}