{"id":27476,"date":"2026-09-04T15:55:16","date_gmt":"2026-09-04T19:55:16","guid":{"rendered":"https:\/\/elalto.gob.bo\/noticias\/?p=27476"},"modified":"2026-09-04T15:55:18","modified_gmt":"2026-09-04T19:55:18","slug":"alcaldia-de-el-alto-desplegara-personal-para-garantizar-espacios-seguros-en-el-dia-del-peaton","status":"publish","type":"post","link":"https:\/\/elalto.gob.bo\/noticias\/?p=27476","title":{"rendered":"Alcald\u00eda de El Alto desplegar\u00e1 personal para garantizar espacios seguros en el D\u00eda del Peat\u00f3n"},"content":{"rendered":"\n<p class=\"wp-block-paragraph\">PRENSA GAMEA\/Vie 04.09.2026<\/p>\n\n\n\n<p class=\"wp-block-paragraph\">Con el objetivo de garantizar la seguridad, evitar la circulaci\u00f3n de veh\u00edculos y motocicletas que puedan poner en riesgo a los peatones y prohibir el expendio de bebidas alcoh\u00f3licas, la Alcald\u00eda de El Alto desplegar\u00e1 alrededor de 120 funcionarios p\u00fablicos, entre guardias municipales y personal policial, durante el D\u00eda del Peat\u00f3n.<\/p>\n\n\n\n<p class=\"wp-block-paragraph\">\u201cVamos a desplegar al personal policial que tenemos en la Secretar\u00eda de Seguridad Ciudadana para evitar que haya circulaci\u00f3n de veh\u00edculos y motocicletas que pongan en peligro a los peatones. Vamos a contribuir con ese tema y enviaremos nuestras patrullas con guardias municipales para que realicen controles y procedan al cierre de bares, discotecas y restaurantes que est\u00e9n expendiendo bebidas alcoh\u00f3licas\u201d, se\u00f1al\u00f3.<\/p>\n\n\n\n<figure class=\"wp-block-image size-large\"><img loading=\"lazy\" loading=\"lazy\" decoding=\"async\" width=\"1024\" height=\"768\" src=\"https:\/\/elalto.gob.bo\/noticias\/wp-content\/uploads\/2026\/09\/WhatsApp-Image-2026-09-04-at-14.41.021-1024x768.jpeg\" alt=\"\" class=\"wp-image-27477\" srcset=\"https:\/\/elalto.gob.bo\/noticias\/wp-content\/uploads\/2026\/09\/WhatsApp-Image-2026-09-04-at-14.41.021-1024x768.jpeg 1024w, https:\/\/elalto.gob.bo\/noticias\/wp-content\/uploads\/2026\/09\/WhatsApp-Image-2026-09-04-at-14.41.021-300x225.jpeg 300w, https:\/\/elalto.gob.bo\/noticias\/wp-content\/uploads\/2026\/09\/WhatsApp-Image-2026-09-04-at-14.41.021-768x576.jpeg 768w, https:\/\/elalto.gob.bo\/noticias\/wp-content\/uploads\/2026\/09\/WhatsApp-Image-2026-09-04-at-14.41.021-1536x1152.jpeg 1536w, https:\/\/elalto.gob.bo\/noticias\/wp-content\/uploads\/2026\/09\/WhatsApp-Image-2026-09-04-at-14.41.021-860x645.jpeg 860w, https:\/\/elalto.gob.bo\/noticias\/wp-content\/uploads\/2026\/09\/WhatsApp-Image-2026-09-04-at-14.41.021.jpeg 1600w\" sizes=\"auto, (max-width: 1024px) 100vw, 1024px\" \/><\/figure>\n\n\n\n<p class=\"wp-block-paragraph\">La autoridad explic\u00f3 que estas acciones buscan garantizar espacios seguros para que la poblaci\u00f3n pueda realizar actividades deportivas, caminar y disfrutar de una jornada libre de contaminaci\u00f3n ambiental.<\/p>\n\n\n\n<p class=\"wp-block-paragraph\">\u201cEs un d\u00eda dedicado a la gente, para que tenga espacios seguros donde pueda hacer deporte y caminar, adem\u00e1s de evitar la contaminaci\u00f3n del medio ambiente\u201d, a\u00f1adi\u00f3.<\/p>\n\n\n\n<p class=\"wp-block-paragraph\">Pacheco indic\u00f3 que para estas tareas se dispondr\u00e1 de aproximadamente 120 funcionarios, entre guardias municipales y personal administrativo.<\/p>\n\n\n\n<p class=\"wp-block-paragraph\">Con este trabajo Seguridad Ciudadana busca garantizar una jornada segura para los peatones y evitar que el consumo de bebidas alcoh\u00f3licas o la circulaci\u00f3n de veh\u00edculos desvirt\u00faen el prop\u00f3sito del D\u00eda del Peat\u00f3n.<\/p>\n","protected":false},"excerpt":{"rendered":"<p>PRENSA GAMEA\/Vie 04.09.2026 Con el objetivo de garantizar la seguridad, evitar la circulaci\u00f3n de veh\u00edculos y motocicletas que puedan poner en riesgo a los peatones y prohibir el expendio de bebidas alcoh\u00f3licas, la Alcald\u00eda de El Alto desplegar\u00e1 alrededor de 120 funcionarios p\u00fablicos, entre guardias municipales y personal policial, durante el D\u00eda del Peat\u00f3n. \u201cVamos [&hellip;]<\/p>\n","protected":false},"author":17,"featured_media":27478,"comment_status":"open","ping_status":"open","sticky":false,"template":"","format":"standard","meta":{"content-type":"","footnotes":""},"categories":[163],"tags":[],"class_list":["post-27476","post","type-post","status-publish","format-standard","has-post-thumbnail","category-deportes"],"_links":{"self":[{"href":"https:\/\/elalto.gob.bo\/noticias\/index.php?rest_route=\/wp\/v2\/posts\/27476","targetHints":{"allow":["GET"]}}],"collection":[{"href":"https:\/\/elalto.gob.bo\/noticias\/index.php?rest_route=\/wp\/v2\/posts"}],"about":[{"href":"https:\/\/elalto.gob.bo\/noticias\/index.php?rest_route=\/wp\/v2\/types\/post"}],"author":[{"embeddable":true,"href":"https:\/\/elalto.gob.bo\/noticias\/index.php?rest_route=\/wp\/v2\/users\/17"}],"replies":[{"embeddable":true,"href":"https:\/\/elalto.gob.bo\/noticias\/index.php?rest_route=%2Fwp%2Fv2%2Fcomments&post=27476"}],"version-history":[{"count":1,"href":"https:\/\/elalto.gob.bo\/noticias\/index.php?rest_route=\/wp\/v2\/posts\/27476\/revisions"}],"predecessor-version":[{"id":27479,"href":"https:\/\/elalto.gob.bo\/noticias\/index.php?rest_route=\/wp\/v2\/posts\/27476\/revisions\/27479"}],"wp:featuredmedia":[{"embeddable":true,"href":"https:\/\/elalto.gob.bo\/noticias\/index.php?rest_route=\/wp\/v2\/media\/27478"}],"wp:attachment":[{"href":"https:\/\/elalto.gob.bo\/noticias\/index.php?rest_route=%2Fwp%2Fv2%2Fmedia&parent=27476"}],"wp:term":[{"taxonomy":"category","embeddable":true,"href":"https:\/\/elalto.gob.bo\/noticias\/index.php?rest_route=%2Fwp%2Fv2%2Fcategories&post=27476"},{"taxonomy":"post_tag","embeddable":true,"href":"https:\/\/elalto.gob.bo\/noticias\/index.php?rest_route=%2Fwp%2Fv2%2Ftags&post=27476"}],"curies":[{"name":"wp","href":"https:\/\/api.w.org\/{rel}","templated":true}]}}