{"id":27480,"date":"2026-09-04T16:02:26","date_gmt":"2026-09-04T20:02:26","guid":{"rendered":"https:\/\/elalto.gob.bo\/noticias\/?p=27480"},"modified":"2026-09-04T16:02:28","modified_gmt":"2026-09-04T20:02:28","slug":"jovenes-altenos-transforman-sus-metas-en-realidades-con-capital-semilla-becas-y-empleo","status":"publish","type":"post","link":"https:\/\/elalto.gob.bo\/noticias\/?p=27480","title":{"rendered":"J\u00f3venes alte\u00f1os transforman sus metas en realidades con capital semilla, becas y empleo"},"content":{"rendered":"\n<p class=\"wp-block-paragraph\">PRENSA GAMEA \/ Vie 04.09.2026<\/p>\n\n\n\n<p class=\"wp-block-paragraph\">En el coraz\u00f3n del Distrito 4 de El Alto, las metas de decenas de j\u00f3venes comienzan a transformarse en realidades concretas. A trav\u00e9s del programa Youth Ready (J\u00f3venes Listos), impulsado conjuntamente por el Gobierno Municipal de El Alto y la organizaci\u00f3n World Vision (Visi\u00f3n Mundial), m\u00e1s de 30 j\u00f3venes en situaci\u00f3n de vulnerabilidad han encontrado el respaldo necesario para construir su propio camino hacia el futuro, mediante becas acad\u00e9micas, pasant\u00edas laborales y la entrega de capital semilla, traducido en hornos, garrafas, electrodom\u00e9sticos, muebles para sal\u00f3n de belleza, planchas de cabello y m\u00e1quinas de coser que permitir\u00e1n consolidar sus emprendimientos.<\/p>\n\n\n\n<p class=\"wp-block-paragraph\">Esta iniciativa nace como fruto directo de los lazos interinstitucionales consolidados el pasado mes de julio, cuando el Alcalde de la ciudad de El Alto, Eliser Roca Tancara, sostuvo una reuni\u00f3n estrat\u00e9gica con directivos de World Vision (Visi\u00f3n Mundial) para asumir compromisos firmes en favor de la ni\u00f1ez y juventud de la urbe alte\u00f1a.<\/p>\n\n\n\n<figure class=\"wp-block-image size-large\"><img loading=\"lazy\" loading=\"lazy\" decoding=\"async\" width=\"1024\" height=\"799\" src=\"https:\/\/elalto.gob.bo\/noticias\/wp-content\/uploads\/2026\/09\/WhatsApp-Image-2026-09-04-at-14.49.54-1024x799.jpeg\" alt=\"\" class=\"wp-image-27482\" srcset=\"https:\/\/elalto.gob.bo\/noticias\/wp-content\/uploads\/2026\/09\/WhatsApp-Image-2026-09-04-at-14.49.54-1024x799.jpeg 1024w, https:\/\/elalto.gob.bo\/noticias\/wp-content\/uploads\/2026\/09\/WhatsApp-Image-2026-09-04-at-14.49.54-300x234.jpeg 300w, https:\/\/elalto.gob.bo\/noticias\/wp-content\/uploads\/2026\/09\/WhatsApp-Image-2026-09-04-at-14.49.54-768x599.jpeg 768w, https:\/\/elalto.gob.bo\/noticias\/wp-content\/uploads\/2026\/09\/WhatsApp-Image-2026-09-04-at-14.49.54-860x671.jpeg 860w, https:\/\/elalto.gob.bo\/noticias\/wp-content\/uploads\/2026\/09\/WhatsApp-Image-2026-09-04-at-14.49.54.jpeg 1438w\" sizes=\"auto, (max-width: 1024px) 100vw, 1024px\" \/><\/figure>\n\n\n\n<p class=\"wp-block-paragraph\">\u201cNos encontramos con World Vision con su programa Youth Ready, dirigido para los j\u00f3venes, principalmente del Distrito 4. En esta instancia tenemos a 31 j\u00f3venes beneficiados en tres grupos: uno con el capital semilla, otros en el tema de educaci\u00f3n que se los est\u00e1 apoyando con becas en institutos y universidades, y en el tema del trabajo, con pasant\u00edas para prepararse a su inserci\u00f3n laboral\u201d, afirm\u00f3 el Subalcalde del Distrito 4, Franz Contreras.<\/p>\n\n\n\n<p class=\"wp-block-paragraph\">\u00c1ngel Chipana, Gerente de Operaciones de World Vision Bolivia, explic\u00f3 la esencia transformadora de este proyecto. \u201cNo solamente es la entrega de capital semilla, este es un proyecto que se denomina Youth Ready, que significa &#8216;j\u00f3venes listos para la vida y para el empleo&#8217;. Luego de haber transcurrido un proceso de formaci\u00f3n en habilidades blandas, ellos han elaborado un plan de vida para ver cu\u00e1l es su perfil de salida, entre ellos emprendimiento, educaci\u00f3n y empleabilidad\u201d.<\/p>\n\n\n\n<figure class=\"wp-block-image size-large\"><img loading=\"lazy\" loading=\"lazy\" decoding=\"async\" width=\"1024\" height=\"575\" src=\"https:\/\/elalto.gob.bo\/noticias\/wp-content\/uploads\/2026\/09\/WhatsApp-Image-2026-09-04-at-14.49.55-1024x575.jpeg\" alt=\"\" class=\"wp-image-27483\" srcset=\"https:\/\/elalto.gob.bo\/noticias\/wp-content\/uploads\/2026\/09\/WhatsApp-Image-2026-09-04-at-14.49.55-1024x575.jpeg 1024w, https:\/\/elalto.gob.bo\/noticias\/wp-content\/uploads\/2026\/09\/WhatsApp-Image-2026-09-04-at-14.49.55-300x169.jpeg 300w, https:\/\/elalto.gob.bo\/noticias\/wp-content\/uploads\/2026\/09\/WhatsApp-Image-2026-09-04-at-14.49.55-768x432.jpeg 768w, https:\/\/elalto.gob.bo\/noticias\/wp-content\/uploads\/2026\/09\/WhatsApp-Image-2026-09-04-at-14.49.55-1536x863.jpeg 1536w, https:\/\/elalto.gob.bo\/noticias\/wp-content\/uploads\/2026\/09\/WhatsApp-Image-2026-09-04-at-14.49.55-860x483.jpeg 860w, https:\/\/elalto.gob.bo\/noticias\/wp-content\/uploads\/2026\/09\/WhatsApp-Image-2026-09-04-at-14.49.55.jpeg 1600w\" sizes=\"auto, (max-width: 1024px) 100vw, 1024px\" \/><\/figure>\n\n\n\n<p class=\"wp-block-paragraph\">Chipana remarc\u00f3 el valor del respaldo brindado a una poblaci\u00f3n que busca superar la adversidad mediante el esfuerzo propio. \u201cSon adolescentes y j\u00f3venes que tienen ciertas caracter\u00edsticas de vulnerabilidad y necesitan un apoyo e impulso para salir adelante. Este proyecto les ayuda a concretar ese proyecto de vida y nosotros damos un empujoncito para la entrega de un capital semilla, para que su emprendimiento les ayude a generar recursos econ\u00f3micos\u201d, acot\u00f3.<\/p>\n\n\n\n<p class=\"wp-block-paragraph\">Para Gabriela Apaza, emprendedora en el rubro de la reposter\u00eda, el beneficio recibido representa la herramienta fundamental para llevar el sustento a su hogar y hacer crecer su vocaci\u00f3n. \u201cHoy me he beneficiado con un horno, garrafa, licuadora y sandwichera. Llevo a las ferias, trabajo con pedidos, realizo todo tipo de masas con crema, fondant y me adapto a lo que el cliente pida. Agradezco de coraz\u00f3n a todos los que nos han apoyado\u201d, expres\u00f3 con profunda emotividad.<\/p>\n\n\n\n<p class=\"wp-block-paragraph\">Por su parte, Carla Cristina Condori Ruiz, profesional en Nutrici\u00f3n, encontr\u00f3 en este programa la puerta de entrada al \u00e1mbito laboral formal que tanto anhelaba. \u201cHe sido acreedora de la salida por empleo y actualmente me encuentro en Burger King realizando una pasant\u00eda. Estoy feliz y contenta por esta oportunidad\u201d, manifest\u00f3, compartiendo adem\u00e1s un mensaje de aliento para la juventud de su ciudad. \u201cA los j\u00f3venes, no se den por vencidos y luchen por sus sue\u00f1os\u201d.<\/p>\n","protected":false},"excerpt":{"rendered":"<p>PRENSA GAMEA \/ Vie 04.09.2026 En el coraz\u00f3n del Distrito 4 de El Alto, las metas de decenas de j\u00f3venes comienzan a transformarse en realidades concretas. A trav\u00e9s del programa Youth Ready (J\u00f3venes Listos), impulsado conjuntamente por el Gobierno Municipal de El Alto y la organizaci\u00f3n World Vision (Visi\u00f3n Mundial), m\u00e1s de 30 j\u00f3venes en [&hellip;]<\/p>\n","protected":false},"author":17,"featured_media":27481,"comment_status":"open","ping_status":"open","sticky":false,"template":"","format":"standard","meta":{"content-type":"","footnotes":""},"categories":[51],"tags":[],"class_list":["post-27480","post","type-post","status-publish","format-standard","has-post-thumbnail","category-economia"],"_links":{"self":[{"href":"https:\/\/elalto.gob.bo\/noticias\/index.php?rest_route=\/wp\/v2\/posts\/27480","targetHints":{"allow":["GET"]}}],"collection":[{"href":"https:\/\/elalto.gob.bo\/noticias\/index.php?rest_route=\/wp\/v2\/posts"}],"about":[{"href":"https:\/\/elalto.gob.bo\/noticias\/index.php?rest_route=\/wp\/v2\/types\/post"}],"author":[{"embeddable":true,"href":"https:\/\/elalto.gob.bo\/noticias\/index.php?rest_route=\/wp\/v2\/users\/17"}],"replies":[{"embeddable":true,"href":"https:\/\/elalto.gob.bo\/noticias\/index.php?rest_route=%2Fwp%2Fv2%2Fcomments&post=27480"}],"version-history":[{"count":1,"href":"https:\/\/elalto.gob.bo\/noticias\/index.php?rest_route=\/wp\/v2\/posts\/27480\/revisions"}],"predecessor-version":[{"id":27484,"href":"https:\/\/elalto.gob.bo\/noticias\/index.php?rest_route=\/wp\/v2\/posts\/27480\/revisions\/27484"}],"wp:featuredmedia":[{"embeddable":true,"href":"https:\/\/elalto.gob.bo\/noticias\/index.php?rest_route=\/wp\/v2\/media\/27481"}],"wp:attachment":[{"href":"https:\/\/elalto.gob.bo\/noticias\/index.php?rest_route=%2Fwp%2Fv2%2Fmedia&parent=27480"}],"wp:term":[{"taxonomy":"category","embeddable":true,"href":"https:\/\/elalto.gob.bo\/noticias\/index.php?rest_route=%2Fwp%2Fv2%2Fcategories&post=27480"},{"taxonomy":"post_tag","embeddable":true,"href":"https:\/\/elalto.gob.bo\/noticias\/index.php?rest_route=%2Fwp%2Fv2%2Ftags&post=27480"}],"curies":[{"name":"wp","href":"https:\/\/api.w.org\/{rel}","templated":true}]}}