{"id":27485,"date":"2026-09-04T16:06:42","date_gmt":"2026-09-04T20:06:42","guid":{"rendered":"https:\/\/elalto.gob.bo\/noticias\/?p=27485"},"modified":"2026-09-04T16:06:45","modified_gmt":"2026-09-04T20:06:45","slug":"distrito-3-refuerza-la-seguridad-ciudadana-con-el-mantenimiento-de-luminarias-en-dos-urbanizaciones","status":"publish","type":"post","link":"https:\/\/elalto.gob.bo\/noticias\/?p=27485","title":{"rendered":"Distrito 3 refuerza la seguridad ciudadana con el mantenimiento de luminarias en dos urbanizaciones"},"content":{"rendered":"\n<p class=\"wp-block-paragraph\">PRENSA GAMEA \/ Vie 04.09.2026<\/p>\n\n\n\n<p class=\"wp-block-paragraph\">Para garantizar arterias viales m\u00e1s seguras y optimizar el entorno urbano de los vecinos, la Subalcald\u00eda del Distrito Municipal 3, ejecut\u00f3 un operativo de reacondicionamiento y sustituci\u00f3n de luminarias en las urbanizaciones Periodista y Jaime Paz Zamora.<\/p>\n\n\n\n<p class=\"wp-block-paragraph\">Las cuadrillas t\u00e9cnicas del \u00e1rea de Alumbrado P\u00fablico se desplegaron en puntos clave de ambos barrios utilizando un veh\u00edculo escala con canastilla, maquinaria que facilit\u00f3 las maniobras en altura sobre el tendido el\u00e9ctrico para restablecer el servicio de forma eficiente.<\/p>\n\n\n\n<figure class=\"wp-block-image size-large\"><img loading=\"lazy\" loading=\"lazy\" decoding=\"async\" width=\"1019\" height=\"1024\" src=\"https:\/\/elalto.gob.bo\/noticias\/wp-content\/uploads\/2026\/09\/WhatsApp-Image-2026-09-04-at-14.52.48-1019x1024.jpeg\" alt=\"\" class=\"wp-image-27487\" srcset=\"https:\/\/elalto.gob.bo\/noticias\/wp-content\/uploads\/2026\/09\/WhatsApp-Image-2026-09-04-at-14.52.48-1019x1024.jpeg 1019w, https:\/\/elalto.gob.bo\/noticias\/wp-content\/uploads\/2026\/09\/WhatsApp-Image-2026-09-04-at-14.52.48-300x300.jpeg 300w, https:\/\/elalto.gob.bo\/noticias\/wp-content\/uploads\/2026\/09\/WhatsApp-Image-2026-09-04-at-14.52.48-150x150.jpeg 150w, https:\/\/elalto.gob.bo\/noticias\/wp-content\/uploads\/2026\/09\/WhatsApp-Image-2026-09-04-at-14.52.48-768x772.jpeg 768w, https:\/\/elalto.gob.bo\/noticias\/wp-content\/uploads\/2026\/09\/WhatsApp-Image-2026-09-04-at-14.52.48-860x864.jpeg 860w, https:\/\/elalto.gob.bo\/noticias\/wp-content\/uploads\/2026\/09\/WhatsApp-Image-2026-09-04-at-14.52.48.jpeg 1200w\" sizes=\"auto, (max-width: 1019px) 100vw, 1019px\" \/><\/figure>\n\n\n\n<p class=\"wp-block-paragraph\">El Subalcalde del Distrito 3, Guillermo Mamani Segura, subray\u00f3 que estas tareas responden a un cronograma de atenci\u00f3n directa formulado para atender de manera oportuna las necesidades expresadas por las juntas vecinales, orientadas principalmente a la prevenci\u00f3n del delito durante la noche.<\/p>\n\n\n\n<p class=\"wp-block-paragraph\">\u201cTrabajamos de manera coordinada y en terreno para garantizar que nuestras urbanizaciones cuenten con calles bien iluminadas y seguras para el tr\u00e1nsito nocturno de las familias, ni\u00f1os y j\u00f3venes del distrito\u201d, afirm\u00f3 Mamani.<\/p>\n","protected":false},"excerpt":{"rendered":"<p>PRENSA GAMEA \/ Vie 04.09.2026 Para garantizar arterias viales m\u00e1s seguras y optimizar el entorno urbano de los vecinos, la Subalcald\u00eda del Distrito Municipal 3, ejecut\u00f3 un operativo de reacondicionamiento y sustituci\u00f3n de luminarias en las urbanizaciones Periodista y Jaime Paz Zamora. Las cuadrillas t\u00e9cnicas del \u00e1rea de Alumbrado P\u00fablico se desplegaron en puntos clave [&hellip;]<\/p>\n","protected":false},"author":17,"featured_media":27486,"comment_status":"open","ping_status":"open","sticky":false,"template":"","format":"standard","meta":{"content-type":"","footnotes":""},"categories":[165],"tags":[],"class_list":["post-27485","post","type-post","status-publish","format-standard","has-post-thumbnail","category-subalcaldias"],"_links":{"self":[{"href":"https:\/\/elalto.gob.bo\/noticias\/index.php?rest_route=\/wp\/v2\/posts\/27485","targetHints":{"allow":["GET"]}}],"collection":[{"href":"https:\/\/elalto.gob.bo\/noticias\/index.php?rest_route=\/wp\/v2\/posts"}],"about":[{"href":"https:\/\/elalto.gob.bo\/noticias\/index.php?rest_route=\/wp\/v2\/types\/post"}],"author":[{"embeddable":true,"href":"https:\/\/elalto.gob.bo\/noticias\/index.php?rest_route=\/wp\/v2\/users\/17"}],"replies":[{"embeddable":true,"href":"https:\/\/elalto.gob.bo\/noticias\/index.php?rest_route=%2Fwp%2Fv2%2Fcomments&post=27485"}],"version-history":[{"count":1,"href":"https:\/\/elalto.gob.bo\/noticias\/index.php?rest_route=\/wp\/v2\/posts\/27485\/revisions"}],"predecessor-version":[{"id":27488,"href":"https:\/\/elalto.gob.bo\/noticias\/index.php?rest_route=\/wp\/v2\/posts\/27485\/revisions\/27488"}],"wp:featuredmedia":[{"embeddable":true,"href":"https:\/\/elalto.gob.bo\/noticias\/index.php?rest_route=\/wp\/v2\/media\/27486"}],"wp:attachment":[{"href":"https:\/\/elalto.gob.bo\/noticias\/index.php?rest_route=%2Fwp%2Fv2%2Fmedia&parent=27485"}],"wp:term":[{"taxonomy":"category","embeddable":true,"href":"https:\/\/elalto.gob.bo\/noticias\/index.php?rest_route=%2Fwp%2Fv2%2Fcategories&post=27485"},{"taxonomy":"post_tag","embeddable":true,"href":"https:\/\/elalto.gob.bo\/noticias\/index.php?rest_route=%2Fwp%2Fv2%2Ftags&post=27485"}],"curies":[{"name":"wp","href":"https:\/\/api.w.org\/{rel}","templated":true}]}}