{"id":27489,"date":"2026-09-04T16:10:11","date_gmt":"2026-09-04T20:10:11","guid":{"rendered":"https:\/\/elalto.gob.bo\/noticias\/?p=27489"},"modified":"2026-09-04T16:10:14","modified_gmt":"2026-09-04T20:10:14","slug":"espacios-escolares-mas-seguros-distrito-3-fortalece-cuatro-unidades-educativas-con-mejoras-tecnicas-y-tecnologicas","status":"publish","type":"post","link":"https:\/\/elalto.gob.bo\/noticias\/?p=27489","title":{"rendered":"Espacios escolares m\u00e1s seguros: Distrito 3 fortalece cuatro unidades educativas con mejoras t\u00e9cnicas y tecnol\u00f3gicas"},"content":{"rendered":"\n<p class=\"wp-block-paragraph\">PRENSA GAMEA \/ Vie 04.09.2026<\/p>\n\n\n\n<p class=\"wp-block-paragraph\">Con el prop\u00f3sito de brindar espacios seguros, funcionales y aptos para la ense\u00f1anza, el equipo t\u00e9cnico de la Subalcald\u00eda del Distrito Municipal 3 (SADM 3) despleg\u00f3 un plan de intervenciones integrales en las unidades educativas Adela Zamudio, Amig Chaco, Holanda y Rafael Pab\u00f3n.<\/p>\n\n\n\n<p class=\"wp-block-paragraph\">En las Unidades Educativas Adela Zamudio y Amig Chaco, el personal capacitado efectu\u00f3 un operativo preventivo y correctivo en el sistema el\u00e9ctrico mediante la revisi\u00f3n de tableros de distribuci\u00f3n y la sustituci\u00f3n inmediata de disyuntores t\u00e9rmicos desgastados, previniendo as\u00ed sobrecargas e incidentes dentro de las aulas.<\/p>\n\n\n\n<figure class=\"wp-block-image size-large\"><img loading=\"lazy\" loading=\"lazy\" decoding=\"async\" width=\"1024\" height=\"612\" src=\"https:\/\/elalto.gob.bo\/noticias\/wp-content\/uploads\/2026\/09\/WhatsApp-Image-2026-09-04-at-15.14.301-1024x612.jpeg\" alt=\"\" class=\"wp-image-27491\" srcset=\"https:\/\/elalto.gob.bo\/noticias\/wp-content\/uploads\/2026\/09\/WhatsApp-Image-2026-09-04-at-15.14.301-1024x612.jpeg 1024w, https:\/\/elalto.gob.bo\/noticias\/wp-content\/uploads\/2026\/09\/WhatsApp-Image-2026-09-04-at-15.14.301-300x179.jpeg 300w, https:\/\/elalto.gob.bo\/noticias\/wp-content\/uploads\/2026\/09\/WhatsApp-Image-2026-09-04-at-15.14.301-768x459.jpeg 768w, https:\/\/elalto.gob.bo\/noticias\/wp-content\/uploads\/2026\/09\/WhatsApp-Image-2026-09-04-at-15.14.301-1536x919.jpeg 1536w, https:\/\/elalto.gob.bo\/noticias\/wp-content\/uploads\/2026\/09\/WhatsApp-Image-2026-09-04-at-15.14.301-860x514.jpeg 860w, https:\/\/elalto.gob.bo\/noticias\/wp-content\/uploads\/2026\/09\/WhatsApp-Image-2026-09-04-at-15.14.301.jpeg 1600w\" sizes=\"auto, (max-width: 1024px) 100vw, 1024px\" \/><\/figure>\n\n\n\n<p class=\"wp-block-paragraph\">De manera paralela, una cuadrilla operativa intervino la infraestructura de la Unidad Educativa Holanda con trabajos de limpieza, desobstrucci\u00f3n y mantenimiento de canaletas, bajantes y cubiertas. Esta labor en altura elimina la acumulaci\u00f3n de escombros para garantizar un correcto desag\u00fce pluvial, previniendo filtraciones de agua y humedad en las paredes del establecimiento durante la \u00e9poca de lluvias.<\/p>\n\n\n\n<p class=\"wp-block-paragraph\">Por otra parte, la Unidad Educativa Rafael Pab\u00f3n fortaleci\u00f3 sus herramientas formativas gracias a la optimizaci\u00f3n de su sala de computaci\u00f3n. T\u00e9cnicos especialistas realizaron la limpieza de hardware, actualizaci\u00f3n de software y el reordenamiento del cableado de red con conexi\u00f3n a internet, dejando el laboratorio inform\u00e1tico totalmente operativo para el desarrollo de competencias digitales del alumnado.<\/p>\n\n\n\n<p class=\"wp-block-paragraph\">Con estas acciones combinadas en materia el\u00e9ctrica, preventiva y tecnol\u00f3gica, la Subalcald\u00eda del Distrito 3 reafirma su compromiso de dar respuestas eficientes en terreno a las demandas de las comunidades escolares de la zona.<\/p>\n","protected":false},"excerpt":{"rendered":"<p>PRENSA GAMEA \/ Vie 04.09.2026 Con el prop\u00f3sito de brindar espacios seguros, funcionales y aptos para la ense\u00f1anza, el equipo t\u00e9cnico de la Subalcald\u00eda del Distrito Municipal 3 (SADM 3) despleg\u00f3 un plan de intervenciones integrales en las unidades educativas Adela Zamudio, Amig Chaco, Holanda y Rafael Pab\u00f3n. En las Unidades Educativas Adela Zamudio y [&hellip;]<\/p>\n","protected":false},"author":17,"featured_media":27490,"comment_status":"open","ping_status":"open","sticky":false,"template":"","format":"standard","meta":{"content-type":"","footnotes":""},"categories":[165],"tags":[],"class_list":["post-27489","post","type-post","status-publish","format-standard","has-post-thumbnail","category-subalcaldias"],"_links":{"self":[{"href":"https:\/\/elalto.gob.bo\/noticias\/index.php?rest_route=\/wp\/v2\/posts\/27489","targetHints":{"allow":["GET"]}}],"collection":[{"href":"https:\/\/elalto.gob.bo\/noticias\/index.php?rest_route=\/wp\/v2\/posts"}],"about":[{"href":"https:\/\/elalto.gob.bo\/noticias\/index.php?rest_route=\/wp\/v2\/types\/post"}],"author":[{"embeddable":true,"href":"https:\/\/elalto.gob.bo\/noticias\/index.php?rest_route=\/wp\/v2\/users\/17"}],"replies":[{"embeddable":true,"href":"https:\/\/elalto.gob.bo\/noticias\/index.php?rest_route=%2Fwp%2Fv2%2Fcomments&post=27489"}],"version-history":[{"count":1,"href":"https:\/\/elalto.gob.bo\/noticias\/index.php?rest_route=\/wp\/v2\/posts\/27489\/revisions"}],"predecessor-version":[{"id":27492,"href":"https:\/\/elalto.gob.bo\/noticias\/index.php?rest_route=\/wp\/v2\/posts\/27489\/revisions\/27492"}],"wp:featuredmedia":[{"embeddable":true,"href":"https:\/\/elalto.gob.bo\/noticias\/index.php?rest_route=\/wp\/v2\/media\/27490"}],"wp:attachment":[{"href":"https:\/\/elalto.gob.bo\/noticias\/index.php?rest_route=%2Fwp%2Fv2%2Fmedia&parent=27489"}],"wp:term":[{"taxonomy":"category","embeddable":true,"href":"https:\/\/elalto.gob.bo\/noticias\/index.php?rest_route=%2Fwp%2Fv2%2Fcategories&post=27489"},{"taxonomy":"post_tag","embeddable":true,"href":"https:\/\/elalto.gob.bo\/noticias\/index.php?rest_route=%2Fwp%2Fv2%2Ftags&post=27489"}],"curies":[{"name":"wp","href":"https:\/\/api.w.org\/{rel}","templated":true}]}}