{"id":27493,"date":"2026-09-04T16:11:56","date_gmt":"2026-09-04T20:11:56","guid":{"rendered":"https:\/\/elalto.gob.bo\/noticias\/?p=27493"},"modified":"2026-09-04T16:11:59","modified_gmt":"2026-09-04T20:11:59","slug":"urbanizacion-villa-juliana-se-beneficia-con-trabajos-de-poda-y-limpieza-forestal","status":"publish","type":"post","link":"https:\/\/elalto.gob.bo\/noticias\/?p=27493","title":{"rendered":"Urbanizaci\u00f3n Villa Juliana se beneficia con trabajos de poda y limpieza forestal"},"content":{"rendered":"\n<p class=\"wp-block-paragraph\">PRENSA GAMEA \/ Vie 04.09.2026<\/p>\n\n\n\n<p class=\"wp-block-paragraph\">Con el prop\u00f3sito de mitigar riesgos y mejorar la seguridad vial y vecinal, la Subalcald\u00eda del Distrito Municipal 3, despleg\u00f3 un operativo de poda y mantenimiento de arbolado urbano en la urbanizaci\u00f3n Villa Juliana.<\/p>\n\n\n\n<p class=\"wp-block-paragraph\">La intervenci\u00f3n t\u00e9cnica se concentr\u00f3 en ejemplares de gran tama\u00f1o cuyas ramas afectaban visibilidad o representaban un peligro potencial para peatones y viviendas. Para la faena, las cuadrillas utilizaron equipos de altura y camiones volqueta destinados al retiro inmediato de los residuos vegetales, garantizando la limpieza de las v\u00edas intervenidas.<\/p>\n\n\n\n<p class=\"wp-block-paragraph\">Esta labor responde a los requerimientos canalizados por los vecinos del sector dentro del plan de mantenimiento urbano que ejecuta el municipio en diversas zonas del distrito.<\/p>\n","protected":false},"excerpt":{"rendered":"<p>PRENSA GAMEA \/ Vie 04.09.2026 Con el prop\u00f3sito de mitigar riesgos y mejorar la seguridad vial y vecinal, la Subalcald\u00eda del Distrito Municipal 3, despleg\u00f3 un operativo de poda y mantenimiento de arbolado urbano en la urbanizaci\u00f3n Villa Juliana. La intervenci\u00f3n t\u00e9cnica se concentr\u00f3 en ejemplares de gran tama\u00f1o cuyas ramas afectaban visibilidad o representaban [&hellip;]<\/p>\n","protected":false},"author":17,"featured_media":27494,"comment_status":"open","ping_status":"open","sticky":false,"template":"","format":"standard","meta":{"content-type":"","footnotes":""},"categories":[165],"tags":[],"class_list":["post-27493","post","type-post","status-publish","format-standard","has-post-thumbnail","category-subalcaldias"],"_links":{"self":[{"href":"https:\/\/elalto.gob.bo\/noticias\/index.php?rest_route=\/wp\/v2\/posts\/27493","targetHints":{"allow":["GET"]}}],"collection":[{"href":"https:\/\/elalto.gob.bo\/noticias\/index.php?rest_route=\/wp\/v2\/posts"}],"about":[{"href":"https:\/\/elalto.gob.bo\/noticias\/index.php?rest_route=\/wp\/v2\/types\/post"}],"author":[{"embeddable":true,"href":"https:\/\/elalto.gob.bo\/noticias\/index.php?rest_route=\/wp\/v2\/users\/17"}],"replies":[{"embeddable":true,"href":"https:\/\/elalto.gob.bo\/noticias\/index.php?rest_route=%2Fwp%2Fv2%2Fcomments&post=27493"}],"version-history":[{"count":1,"href":"https:\/\/elalto.gob.bo\/noticias\/index.php?rest_route=\/wp\/v2\/posts\/27493\/revisions"}],"predecessor-version":[{"id":27495,"href":"https:\/\/elalto.gob.bo\/noticias\/index.php?rest_route=\/wp\/v2\/posts\/27493\/revisions\/27495"}],"wp:featuredmedia":[{"embeddable":true,"href":"https:\/\/elalto.gob.bo\/noticias\/index.php?rest_route=\/wp\/v2\/media\/27494"}],"wp:attachment":[{"href":"https:\/\/elalto.gob.bo\/noticias\/index.php?rest_route=%2Fwp%2Fv2%2Fmedia&parent=27493"}],"wp:term":[{"taxonomy":"category","embeddable":true,"href":"https:\/\/elalto.gob.bo\/noticias\/index.php?rest_route=%2Fwp%2Fv2%2Fcategories&post=27493"},{"taxonomy":"post_tag","embeddable":true,"href":"https:\/\/elalto.gob.bo\/noticias\/index.php?rest_route=%2Fwp%2Fv2%2Ftags&post=27493"}],"curies":[{"name":"wp","href":"https:\/\/api.w.org\/{rel}","templated":true}]}}