{"id":27496,"date":"2026-09-04T16:14:30","date_gmt":"2026-09-04T20:14:30","guid":{"rendered":"https:\/\/elalto.gob.bo\/noticias\/?p=27496"},"modified":"2026-09-04T16:14:33","modified_gmt":"2026-09-04T20:14:33","slug":"alcaldia-impulsa-ley-de-perdida-de-dominio-para-motorizados-vinculados-a-delitos","status":"publish","type":"post","link":"https:\/\/elalto.gob.bo\/noticias\/?p=27496","title":{"rendered":"Alcald\u00eda impulsa \u201cLey de p\u00e9rdida de dominio\u201d para motorizados vinculados a delitos"},"content":{"rendered":"\n<p class=\"wp-block-paragraph\">PRENSA GAMEA \/ Vie.04.09.2026<\/p>\n\n\n\n<p class=\"wp-block-paragraph\">Veh\u00edculos utilizados para cometer robos, secuestros, sicariatos y \u201cjalonazos\u201d podr\u00edan pasar a manos del Estado si prospera la propuesta de \u201cLey de p\u00e9rdida de dominio\u201d que la Alcald\u00eda de El Alto anunci\u00f3 que presentar\u00e1 ante la Asamblea Legislativa.<\/p>\n\n\n\n<p class=\"wp-block-paragraph\">El Secretario Municipal de Seguridad Ciudadana, Elio Pacheco, inform\u00f3 que la Alcald\u00eda de El Alto trabaja en una propuesta de ley para establecer la p\u00e9rdida de dominio de los motorizados utilizados en hechos delictivos de alto impacto.<\/p>\n\n\n\n<p class=\"wp-block-paragraph\">\u201cEstamos trabajando en una gesti\u00f3n con resultados, no improvisamos. Hemos hecho un diagn\u00f3stico de los riesgos latentes en El Alto. Por ejemplo, uno de los mayores factores de inseguridad es el expendio de bebidas alcoh\u00f3licas, adem\u00e1s del uso de armas blancas, tema que ya fue presentado al Concejo Municipal\u201d, explic\u00f3.<\/p>\n\n\n\n<p class=\"wp-block-paragraph\">Asimismo, anunci\u00f3 que el lunes presentar\u00e1 ante la Asamblea Legislativa una propuesta denominada \u201cLey de p\u00e9rdida de dominio\u201d, que plantea el decomiso de veh\u00edculos utilizados en delitos como robos, secuestros, \u201cjalonazos\u201d, sicariato y robos a domicilios.<\/p>\n\n\n\n<p class=\"wp-block-paragraph\">\u201cLa propuesta consiste en que todos los motorizados utilizados en delitos de alto impacto deben ser decomisados por el Estado y sus propietarios perder\u00edan el derecho sobre estos bienes. Los antisociales ya se han acostumbrado a ser detenidos y que esos mismos veh\u00edculos sean devueltos. Queremos afectar al bolsillo de los antisociales\u201d, sostuvo.<\/p>\n\n\n\n<p class=\"wp-block-paragraph\">Pacheco se\u00f1al\u00f3 que la medida busca combatir principalmente a los denominados \u201cjaladores\u201d, debido a que los veh\u00edculos y motocicletas utilizados para cometer estos delitos actualmente pueden ser devueltos a sus propietarios.<\/p>\n\n\n\n<p class=\"wp-block-paragraph\">\u201cEs la \u00fanica manera de poder luchar contra los jaladores, porque esos veh\u00edculos y motos que se utilizan para delinquir son devueltos. Eso ya no debe ocurrir\u201d, afirm\u00f3.<\/p>\n\n\n\n<p class=\"wp-block-paragraph\">Seg\u00fan la propuesta, una vez decomisados, los motorizados deber\u00edan ser rematados en un plazo de 90 d\u00edas. Los recursos obtenidos, de acuerdo con el planteamiento, ser\u00edan destinados al fortalecimiento de las Secretar\u00edas de Seguridad Ciudadana de las distintas ciudades donde se realicen estos decomisos.<\/p>\n\n\n\n<p class=\"wp-block-paragraph\">\u201cEsperamos contar con el apoyo. Hay varios diputados que est\u00e1n de acuerdo con la propuesta\u201d, concluy\u00f3 Pacheco.<\/p>\n","protected":false},"excerpt":{"rendered":"<p>PRENSA GAMEA \/ Vie.04.09.2026 Veh\u00edculos utilizados para cometer robos, secuestros, sicariatos y \u201cjalonazos\u201d podr\u00edan pasar a manos del Estado si prospera la propuesta de \u201cLey de p\u00e9rdida de dominio\u201d que la Alcald\u00eda de El Alto anunci\u00f3 que presentar\u00e1 ante la Asamblea Legislativa. El Secretario Municipal de Seguridad Ciudadana, Elio Pacheco, inform\u00f3 que la Alcald\u00eda de [&hellip;]<\/p>\n","protected":false},"author":17,"featured_media":27497,"comment_status":"open","ping_status":"open","sticky":false,"template":"","format":"standard","meta":{"content-type":"","footnotes":""},"categories":[162],"tags":[],"class_list":["post-27496","post","type-post","status-publish","format-standard","has-post-thumbnail","category-seguridad"],"_links":{"self":[{"href":"https:\/\/elalto.gob.bo\/noticias\/index.php?rest_route=\/wp\/v2\/posts\/27496","targetHints":{"allow":["GET"]}}],"collection":[{"href":"https:\/\/elalto.gob.bo\/noticias\/index.php?rest_route=\/wp\/v2\/posts"}],"about":[{"href":"https:\/\/elalto.gob.bo\/noticias\/index.php?rest_route=\/wp\/v2\/types\/post"}],"author":[{"embeddable":true,"href":"https:\/\/elalto.gob.bo\/noticias\/index.php?rest_route=\/wp\/v2\/users\/17"}],"replies":[{"embeddable":true,"href":"https:\/\/elalto.gob.bo\/noticias\/index.php?rest_route=%2Fwp%2Fv2%2Fcomments&post=27496"}],"version-history":[{"count":1,"href":"https:\/\/elalto.gob.bo\/noticias\/index.php?rest_route=\/wp\/v2\/posts\/27496\/revisions"}],"predecessor-version":[{"id":27498,"href":"https:\/\/elalto.gob.bo\/noticias\/index.php?rest_route=\/wp\/v2\/posts\/27496\/revisions\/27498"}],"wp:featuredmedia":[{"embeddable":true,"href":"https:\/\/elalto.gob.bo\/noticias\/index.php?rest_route=\/wp\/v2\/media\/27497"}],"wp:attachment":[{"href":"https:\/\/elalto.gob.bo\/noticias\/index.php?rest_route=%2Fwp%2Fv2%2Fmedia&parent=27496"}],"wp:term":[{"taxonomy":"category","embeddable":true,"href":"https:\/\/elalto.gob.bo\/noticias\/index.php?rest_route=%2Fwp%2Fv2%2Fcategories&post=27496"},{"taxonomy":"post_tag","embeddable":true,"href":"https:\/\/elalto.gob.bo\/noticias\/index.php?rest_route=%2Fwp%2Fv2%2Ftags&post=27496"}],"curies":[{"name":"wp","href":"https:\/\/api.w.org\/{rel}","templated":true}]}}