{"id":27499,"date":"2026-09-04T17:37:48","date_gmt":"2026-09-04T21:37:48","guid":{"rendered":"https:\/\/elalto.gob.bo\/noticias\/?p=27499"},"modified":"2026-09-04T17:37:50","modified_gmt":"2026-09-04T21:37:50","slug":"realizan-trabajos-de-bacheo-en-la-zona-tejada-rectangular-del-distrito-1-en-el-alto","status":"publish","type":"post","link":"https:\/\/elalto.gob.bo\/noticias\/?p=27499","title":{"rendered":"Realizan trabajos de bacheo en la zona Tejada Rectangular del Distrito 1 en El Alto"},"content":{"rendered":"\n<p class=\"wp-block-paragraph\">Prensa GAMEA\/Vie 04.09.26<\/p>\n\n\n\n<p class=\"wp-block-paragraph\">Dando cumplimiento a las actividades de gesti\u00f3n institucional, se realizan trabajos de bacheo en diversos puntos de la zona Tejada Rectangular de la ciudad de El Alto.<\/p>\n\n\n\n<p class=\"wp-block-paragraph\">Con maquinaria pesada, retroexcavadora, material asf\u00e1ltico, personal t\u00e9cnico y cuadrilla de obreros, la Subalcald\u00eda del Distrito 1 ejecuta tareas de bacheo en el sector de la Obelisco. La intervenci\u00f3n se extender\u00e1 hasta la avenida Antofagasta.<\/p>\n\n\n\n<p class=\"wp-block-paragraph\">La Subalcaldesa del distrito, Nadir Palombo, inform\u00f3 que se trabaja con el fin de mejorar las condiciones de transitabilidad vehicular y atender las necesidades de los vecinos en esta zona de alto flujo y movimiento comercial.<\/p>\n\n\n\n<figure class=\"wp-block-image size-large\"><img loading=\"lazy\" loading=\"lazy\" decoding=\"async\" width=\"1024\" height=\"449\" src=\"https:\/\/elalto.gob.bo\/noticias\/wp-content\/uploads\/2026\/09\/WhatsApp-Image-2026-09-04-at-16.25.12-1024x449.jpeg\" alt=\"\" class=\"wp-image-27500\" srcset=\"https:\/\/elalto.gob.bo\/noticias\/wp-content\/uploads\/2026\/09\/WhatsApp-Image-2026-09-04-at-16.25.12-1024x449.jpeg 1024w, https:\/\/elalto.gob.bo\/noticias\/wp-content\/uploads\/2026\/09\/WhatsApp-Image-2026-09-04-at-16.25.12-300x132.jpeg 300w, https:\/\/elalto.gob.bo\/noticias\/wp-content\/uploads\/2026\/09\/WhatsApp-Image-2026-09-04-at-16.25.12-768x337.jpeg 768w, https:\/\/elalto.gob.bo\/noticias\/wp-content\/uploads\/2026\/09\/WhatsApp-Image-2026-09-04-at-16.25.12-1536x674.jpeg 1536w, https:\/\/elalto.gob.bo\/noticias\/wp-content\/uploads\/2026\/09\/WhatsApp-Image-2026-09-04-at-16.25.12-860x377.jpeg 860w, https:\/\/elalto.gob.bo\/noticias\/wp-content\/uploads\/2026\/09\/WhatsApp-Image-2026-09-04-at-16.25.12.jpeg 1600w\" sizes=\"auto, (max-width: 1024px) 100vw, 1024px\" \/><\/figure>\n\n\n\n<p class=\"wp-block-paragraph\">\u201cEl d\u00eda de hoy nos encontramos en la Obelisco del distrito, que es un punto muy transitado por el transporte, por lo que hemos visto conveniente hacer la intervenci\u00f3n con el bacheo correspondiente para nuestra querida zona\u201d, se\u00f1al\u00f3.<\/p>\n\n\n\n<p class=\"wp-block-paragraph\">Palombo, se\u00f1al\u00f3 que los trabajos tambi\u00e9n alcanzan a la avenida Antofagasta y sectores circundantes, tomando en cuenta la proximidad de actividades importantes para el lugar, como el aniversario de la zona de Villa Dolores.<\/p>\n\n\n\n<p class=\"wp-block-paragraph\">Franklin Ledezma, en su condici\u00f3n de responsable de la Unidad de Infraestructura de la Subalcald\u00eda, manifest\u00f3 que el bacheo en el punto de la Obelisco cubre unos 25 metros cuadrados utilizando 800 losetas, movilizando la cuadrilla de obreros, \u201cempezamos en este punto luego se ira avanzando en todos los lugares donde se han presentado necesidades\u201d.<\/p>\n","protected":false},"excerpt":{"rendered":"<p>Prensa GAMEA\/Vie 04.09.26 Dando cumplimiento a las actividades de gesti\u00f3n institucional, se realizan trabajos de bacheo en diversos puntos de la zona Tejada Rectangular de la ciudad de El Alto. Con maquinaria pesada, retroexcavadora, material asf\u00e1ltico, personal t\u00e9cnico y cuadrilla de obreros, la Subalcald\u00eda del Distrito 1 ejecuta tareas de bacheo en el sector de [&hellip;]<\/p>\n","protected":false},"author":17,"featured_media":27501,"comment_status":"open","ping_status":"open","sticky":false,"template":"","format":"standard","meta":{"content-type":"","footnotes":""},"categories":[165],"tags":[],"class_list":["post-27499","post","type-post","status-publish","format-standard","has-post-thumbnail","category-subalcaldias"],"_links":{"self":[{"href":"https:\/\/elalto.gob.bo\/noticias\/index.php?rest_route=\/wp\/v2\/posts\/27499","targetHints":{"allow":["GET"]}}],"collection":[{"href":"https:\/\/elalto.gob.bo\/noticias\/index.php?rest_route=\/wp\/v2\/posts"}],"about":[{"href":"https:\/\/elalto.gob.bo\/noticias\/index.php?rest_route=\/wp\/v2\/types\/post"}],"author":[{"embeddable":true,"href":"https:\/\/elalto.gob.bo\/noticias\/index.php?rest_route=\/wp\/v2\/users\/17"}],"replies":[{"embeddable":true,"href":"https:\/\/elalto.gob.bo\/noticias\/index.php?rest_route=%2Fwp%2Fv2%2Fcomments&post=27499"}],"version-history":[{"count":1,"href":"https:\/\/elalto.gob.bo\/noticias\/index.php?rest_route=\/wp\/v2\/posts\/27499\/revisions"}],"predecessor-version":[{"id":27502,"href":"https:\/\/elalto.gob.bo\/noticias\/index.php?rest_route=\/wp\/v2\/posts\/27499\/revisions\/27502"}],"wp:featuredmedia":[{"embeddable":true,"href":"https:\/\/elalto.gob.bo\/noticias\/index.php?rest_route=\/wp\/v2\/media\/27501"}],"wp:attachment":[{"href":"https:\/\/elalto.gob.bo\/noticias\/index.php?rest_route=%2Fwp%2Fv2%2Fmedia&parent=27499"}],"wp:term":[{"taxonomy":"category","embeddable":true,"href":"https:\/\/elalto.gob.bo\/noticias\/index.php?rest_route=%2Fwp%2Fv2%2Fcategories&post=27499"},{"taxonomy":"post_tag","embeddable":true,"href":"https:\/\/elalto.gob.bo\/noticias\/index.php?rest_route=%2Fwp%2Fv2%2Ftags&post=27499"}],"curies":[{"name":"wp","href":"https:\/\/api.w.org\/{rel}","templated":true}]}}