{"id":27503,"date":"2026-09-04T17:41:00","date_gmt":"2026-09-04T21:41:00","guid":{"rendered":"https:\/\/elalto.gob.bo\/noticias\/?p=27503"},"modified":"2026-09-04T17:41:03","modified_gmt":"2026-09-04T21:41:03","slug":"alcaldia-verifica-dimensiones-de-puestos-de-venta-en-la-feria-16-de-julio","status":"publish","type":"post","link":"https:\/\/elalto.gob.bo\/noticias\/?p=27503","title":{"rendered":"Alcald\u00eda verifica dimensiones de puestos de venta en la Feria 16 de Julio"},"content":{"rendered":"\n<p class=\"wp-block-paragraph\">PRENSA GAMEA\/Vie.04.09.2026<\/p>\n\n\n\n<p class=\"wp-block-paragraph\">La Alcald\u00eda de El Alto a trav\u00e9s de la Unidad de Ferias, realiz\u00f3 un operativo de control e inspecci\u00f3n en la zona 16 de Julio, atendiendo las denuncias de vecinos y comerciantes sobre el uso y las dimensiones de los puestos de venta, con el prop\u00f3sito de garantizar el respeto a los espacios p\u00fablicos y el cumplimiento de la normativa municipal.<\/p>\n\n\n\n<p class=\"wp-block-paragraph\">El personal de la Unidad de Ferias realiz\u00f3 inspecciones y mediciones de los puestos de venta de las asociaciones \u201cNuevo Amanecer\u201d y \u201cPacajes\u201d, ubicadas en la avenida Panor\u00e1mica, calle Luis Torres y plaza del Maestro, en la zona 16 de Julio.<\/p>\n\n\n\n<p class=\"wp-block-paragraph\">Las inspecciones verificaron que los puestos de venta respeten los espacios y dimensiones autorizados, de acuerdo con el plano de asentamiento correspondiente.<\/p>\n\n\n\n<figure class=\"wp-block-image size-large\"><img loading=\"lazy\" loading=\"lazy\" decoding=\"async\" width=\"1024\" height=\"768\" src=\"https:\/\/elalto.gob.bo\/noticias\/wp-content\/uploads\/2026\/09\/WhatsApp-Image-2026-09-04-at-16.28.57-2-1024x768.jpeg\" alt=\"\" class=\"wp-image-27505\" srcset=\"https:\/\/elalto.gob.bo\/noticias\/wp-content\/uploads\/2026\/09\/WhatsApp-Image-2026-09-04-at-16.28.57-2-1024x768.jpeg 1024w, https:\/\/elalto.gob.bo\/noticias\/wp-content\/uploads\/2026\/09\/WhatsApp-Image-2026-09-04-at-16.28.57-2-300x225.jpeg 300w, https:\/\/elalto.gob.bo\/noticias\/wp-content\/uploads\/2026\/09\/WhatsApp-Image-2026-09-04-at-16.28.57-2-768x576.jpeg 768w, https:\/\/elalto.gob.bo\/noticias\/wp-content\/uploads\/2026\/09\/WhatsApp-Image-2026-09-04-at-16.28.57-2-1536x1152.jpeg 1536w, https:\/\/elalto.gob.bo\/noticias\/wp-content\/uploads\/2026\/09\/WhatsApp-Image-2026-09-04-at-16.28.57-2-860x645.jpeg 860w, https:\/\/elalto.gob.bo\/noticias\/wp-content\/uploads\/2026\/09\/WhatsApp-Image-2026-09-04-at-16.28.57-2.jpeg 1600w\" sizes=\"auto, (max-width: 1024px) 100vw, 1024px\" \/><\/figure>\n\n\n\n<p class=\"wp-block-paragraph\">Durante el operativo, se constat\u00f3 que algunas aceras se encuentran ocupadas por comerciantes y que las dimensiones actuales de determinados puestos no se ajustan a las medidas establecidas para los asentamientos del sector.<\/p>\n\n\n\n<p class=\"wp-block-paragraph\">Como resultado de las inspecciones, se sostuvo un di\u00e1logo con los comerciantes, a quienes se inform\u00f3 sobre las dimensiones que no cumplen con lo establecido, exhort\u00e1ndolos a adecuar sus puestos a las medidas reglamentarias.<\/p>\n\n\n\n<p class=\"wp-block-paragraph\">De esta manera, se busca garantizar el cumplimiento de la Normativa Municipal N.\u00ba 192, promoviendo el orden y el respeto de los espacios p\u00fablicos en beneficio de toda la poblaci\u00f3n alte\u00f1a.<\/p>\n","protected":false},"excerpt":{"rendered":"<p>PRENSA GAMEA\/Vie.04.09.2026 La Alcald\u00eda de El Alto a trav\u00e9s de la Unidad de Ferias, realiz\u00f3 un operativo de control e inspecci\u00f3n en la zona 16 de Julio, atendiendo las denuncias de vecinos y comerciantes sobre el uso y las dimensiones de los puestos de venta, con el prop\u00f3sito de garantizar el respeto a los espacios [&hellip;]<\/p>\n","protected":false},"author":17,"featured_media":27504,"comment_status":"open","ping_status":"open","sticky":false,"template":"","format":"standard","meta":{"content-type":"","footnotes":""},"categories":[1],"tags":[],"class_list":["post-27503","post","type-post","status-publish","format-standard","has-post-thumbnail","category-sin-categoria"],"_links":{"self":[{"href":"https:\/\/elalto.gob.bo\/noticias\/index.php?rest_route=\/wp\/v2\/posts\/27503","targetHints":{"allow":["GET"]}}],"collection":[{"href":"https:\/\/elalto.gob.bo\/noticias\/index.php?rest_route=\/wp\/v2\/posts"}],"about":[{"href":"https:\/\/elalto.gob.bo\/noticias\/index.php?rest_route=\/wp\/v2\/types\/post"}],"author":[{"embeddable":true,"href":"https:\/\/elalto.gob.bo\/noticias\/index.php?rest_route=\/wp\/v2\/users\/17"}],"replies":[{"embeddable":true,"href":"https:\/\/elalto.gob.bo\/noticias\/index.php?rest_route=%2Fwp%2Fv2%2Fcomments&post=27503"}],"version-history":[{"count":1,"href":"https:\/\/elalto.gob.bo\/noticias\/index.php?rest_route=\/wp\/v2\/posts\/27503\/revisions"}],"predecessor-version":[{"id":27506,"href":"https:\/\/elalto.gob.bo\/noticias\/index.php?rest_route=\/wp\/v2\/posts\/27503\/revisions\/27506"}],"wp:featuredmedia":[{"embeddable":true,"href":"https:\/\/elalto.gob.bo\/noticias\/index.php?rest_route=\/wp\/v2\/media\/27504"}],"wp:attachment":[{"href":"https:\/\/elalto.gob.bo\/noticias\/index.php?rest_route=%2Fwp%2Fv2%2Fmedia&parent=27503"}],"wp:term":[{"taxonomy":"category","embeddable":true,"href":"https:\/\/elalto.gob.bo\/noticias\/index.php?rest_route=%2Fwp%2Fv2%2Fcategories&post=27503"},{"taxonomy":"post_tag","embeddable":true,"href":"https:\/\/elalto.gob.bo\/noticias\/index.php?rest_route=%2Fwp%2Fv2%2Ftags&post=27503"}],"curies":[{"name":"wp","href":"https:\/\/api.w.org\/{rel}","templated":true}]}}