{"id":27507,"date":"2026-09-04T17:44:54","date_gmt":"2026-09-04T21:44:54","guid":{"rendered":"https:\/\/elalto.gob.bo\/noticias\/?p=27507"},"modified":"2026-09-04T17:44:57","modified_gmt":"2026-09-04T21:44:57","slug":"nuevos-reflectores-para-el-espacio-deportivo-de-villa-esther-del-distrito-3","status":"publish","type":"post","link":"https:\/\/elalto.gob.bo\/noticias\/?p=27507","title":{"rendered":"Nuevos reflectores para el espacio deportivo de Villa Esther del Distrito 3"},"content":{"rendered":"\n<p class=\"wp-block-paragraph\">PRENSA GAMEA \/ Vie 04.09.2026<\/p>\n\n\n\n<p class=\"wp-block-paragraph\">Con el prop\u00f3sito de recuperar espacios p\u00fablicos para el deporte nocturno y reforzar la seguridad ciudadana, la Subalcald\u00eda del Distrito 3, realiz\u00f3 trabajos de renovaci\u00f3n el\u00e9ctrica y luminaria en el tinglado deportivo de la Urbanizaci\u00f3n Villa Esther.<\/p>\n\n\n\n<p class=\"wp-block-paragraph\">Durante la jornada t\u00e9cnica, el personal operativo desplegado instal\u00f3 nuevo cableado de distribuci\u00f3n e implement\u00f3 cuatro reflectores de alta potencia sobre la estructura met\u00e1lica del campo deportivo, restituyendo el sistema de iluminaci\u00f3n en favor de la ni\u00f1ez, juventud y familias de la zona.<\/p>\n\n\n\n<p class=\"wp-block-paragraph\">El Subalcalde del Distrito 3, Guillermo Mamani Segura, destac\u00f3 que estas labores responden a la atenci\u00f3n de requerimientos presentados por la directiva vecinal encabezada por el presidente de la zona, Tom\u00e1s Pacasi, garantizando entornos id\u00f3neos para la pr\u00e1ctica deportiva y el esparcimiento vecinal.<\/p>\n","protected":false},"excerpt":{"rendered":"<p>PRENSA GAMEA \/ Vie 04.09.2026 Con el prop\u00f3sito de recuperar espacios p\u00fablicos para el deporte nocturno y reforzar la seguridad ciudadana, la Subalcald\u00eda del Distrito 3, realiz\u00f3 trabajos de renovaci\u00f3n el\u00e9ctrica y luminaria en el tinglado deportivo de la Urbanizaci\u00f3n Villa Esther. Durante la jornada t\u00e9cnica, el personal operativo desplegado instal\u00f3 nuevo cableado de distribuci\u00f3n [&hellip;]<\/p>\n","protected":false},"author":17,"featured_media":27508,"comment_status":"open","ping_status":"open","sticky":false,"template":"","format":"standard","meta":{"content-type":"","footnotes":""},"categories":[165],"tags":[],"class_list":["post-27507","post","type-post","status-publish","format-standard","has-post-thumbnail","category-subalcaldias"],"_links":{"self":[{"href":"https:\/\/elalto.gob.bo\/noticias\/index.php?rest_route=\/wp\/v2\/posts\/27507","targetHints":{"allow":["GET"]}}],"collection":[{"href":"https:\/\/elalto.gob.bo\/noticias\/index.php?rest_route=\/wp\/v2\/posts"}],"about":[{"href":"https:\/\/elalto.gob.bo\/noticias\/index.php?rest_route=\/wp\/v2\/types\/post"}],"author":[{"embeddable":true,"href":"https:\/\/elalto.gob.bo\/noticias\/index.php?rest_route=\/wp\/v2\/users\/17"}],"replies":[{"embeddable":true,"href":"https:\/\/elalto.gob.bo\/noticias\/index.php?rest_route=%2Fwp%2Fv2%2Fcomments&post=27507"}],"version-history":[{"count":1,"href":"https:\/\/elalto.gob.bo\/noticias\/index.php?rest_route=\/wp\/v2\/posts\/27507\/revisions"}],"predecessor-version":[{"id":27509,"href":"https:\/\/elalto.gob.bo\/noticias\/index.php?rest_route=\/wp\/v2\/posts\/27507\/revisions\/27509"}],"wp:featuredmedia":[{"embeddable":true,"href":"https:\/\/elalto.gob.bo\/noticias\/index.php?rest_route=\/wp\/v2\/media\/27508"}],"wp:attachment":[{"href":"https:\/\/elalto.gob.bo\/noticias\/index.php?rest_route=%2Fwp%2Fv2%2Fmedia&parent=27507"}],"wp:term":[{"taxonomy":"category","embeddable":true,"href":"https:\/\/elalto.gob.bo\/noticias\/index.php?rest_route=%2Fwp%2Fv2%2Fcategories&post=27507"},{"taxonomy":"post_tag","embeddable":true,"href":"https:\/\/elalto.gob.bo\/noticias\/index.php?rest_route=%2Fwp%2Fv2%2Ftags&post=27507"}],"curies":[{"name":"wp","href":"https:\/\/api.w.org\/{rel}","templated":true}]}}