{"id":27510,"date":"2026-09-04T18:05:16","date_gmt":"2026-09-04T22:05:16","guid":{"rendered":"https:\/\/elalto.gob.bo\/noticias\/?p=27510"},"modified":"2026-09-04T18:05:19","modified_gmt":"2026-09-04T22:05:19","slug":"alcaldia-trabaja-en-promocion-y-prevencion-de-la-salud-sexual-reproductiva","status":"publish","type":"post","link":"https:\/\/elalto.gob.bo\/noticias\/?p=27510","title":{"rendered":"Alcald\u00eda trabaja en promoci\u00f3n y prevenci\u00f3n de la Salud Sexual Reproductiva"},"content":{"rendered":"\n<p class=\"wp-block-paragraph\">Prensa GAMEA\/Vie 04.08.26<\/p>\n\n\n\n<p class=\"wp-block-paragraph\">Con el compromiso institucional de continuar brindando atenci\u00f3n al derecho fundamental de la salud, el municipio trabaja en la promoci\u00f3n y prevenci\u00f3n de la salud sexual reproductiva en la ciudad de El Alto.<\/p>\n\n\n\n<p class=\"wp-block-paragraph\">En el D\u00eda Mundial de la Salud Sexual que se recuerda el 4 de septiembre, se contin\u00faa trabajando en estos dos componentes fundamentales en beneficio de la poblaci\u00f3n, fortaleciendo con acciones de prevenci\u00f3n, orientaci\u00f3n y acceso a servicios especialmente dirigido a los adolescentes y j\u00f3venes de la urbe alte\u00f1a.<\/p>\n\n\n\n<figure class=\"wp-block-image size-large\"><img loading=\"lazy\" loading=\"lazy\" decoding=\"async\" width=\"1024\" height=\"576\" src=\"https:\/\/elalto.gob.bo\/noticias\/wp-content\/uploads\/2026\/09\/WhatsApp-Image-2026-09-04-at-16.41.34-1-1024x576.jpeg\" alt=\"\" class=\"wp-image-27512\" srcset=\"https:\/\/elalto.gob.bo\/noticias\/wp-content\/uploads\/2026\/09\/WhatsApp-Image-2026-09-04-at-16.41.34-1-1024x576.jpeg 1024w, https:\/\/elalto.gob.bo\/noticias\/wp-content\/uploads\/2026\/09\/WhatsApp-Image-2026-09-04-at-16.41.34-1-300x169.jpeg 300w, https:\/\/elalto.gob.bo\/noticias\/wp-content\/uploads\/2026\/09\/WhatsApp-Image-2026-09-04-at-16.41.34-1-768x432.jpeg 768w, https:\/\/elalto.gob.bo\/noticias\/wp-content\/uploads\/2026\/09\/WhatsApp-Image-2026-09-04-at-16.41.34-1-1536x864.jpeg 1536w, https:\/\/elalto.gob.bo\/noticias\/wp-content\/uploads\/2026\/09\/WhatsApp-Image-2026-09-04-at-16.41.34-1-860x484.jpeg 860w, https:\/\/elalto.gob.bo\/noticias\/wp-content\/uploads\/2026\/09\/WhatsApp-Image-2026-09-04-at-16.41.34-1.jpeg 1599w\" sizes=\"auto, (max-width: 1024px) 100vw, 1024px\" \/><\/figure>\n\n\n\n<p class=\"wp-block-paragraph\">La especialista en Ginecolog\u00eda y Obstetricia, Judith Copa Melendres, quien presta servicios en el Hospital Qulla\u00f1 Uta, dijo que la salud sexual forma parte del bienestar integral de las personas y debe abordarse desde una perspectiva f\u00edsica, mental y social.<\/p>\n\n\n\n<p class=\"wp-block-paragraph\">\u201cDebemos entender como salud sexual a todo lo que es el bienestar, no solo f\u00edsico, sino tambi\u00e9n mental y social, llevar nuestra parte de sexualidad de la mejor manera, de forma responsable, segura y sin violencia, sobre todo\u201d, dijo.<\/p>\n\n\n\n<p class=\"wp-block-paragraph\">La profesional se\u00f1al\u00f3 que actualmente entre los principales desaf\u00edos se encuentran las infecciones de transmisi\u00f3n sexual, los embarazos en adolescentes y las situaciones de violencia, problem\u00e1ticas que requieren acciones permanentes de prevenci\u00f3n y educaci\u00f3n. Hizo \u00e9nfasis en la labor de que adolescentes y j\u00f3venes reciban informaci\u00f3n cient\u00edfica y confiable de profesionales de salud.<\/p>\n","protected":false},"excerpt":{"rendered":"<p>Prensa GAMEA\/Vie 04.08.26 Con el compromiso institucional de continuar brindando atenci\u00f3n al derecho fundamental de la salud, el municipio trabaja en la promoci\u00f3n y prevenci\u00f3n de la salud sexual reproductiva en la ciudad de El Alto. En el D\u00eda Mundial de la Salud Sexual que se recuerda el 4 de septiembre, se contin\u00faa trabajando en [&hellip;]<\/p>\n","protected":false},"author":17,"featured_media":27511,"comment_status":"open","ping_status":"open","sticky":false,"template":"","format":"standard","meta":{"content-type":"","footnotes":""},"categories":[160],"tags":[],"class_list":["post-27510","post","type-post","status-publish","format-standard","has-post-thumbnail","category-salud"],"_links":{"self":[{"href":"https:\/\/elalto.gob.bo\/noticias\/index.php?rest_route=\/wp\/v2\/posts\/27510","targetHints":{"allow":["GET"]}}],"collection":[{"href":"https:\/\/elalto.gob.bo\/noticias\/index.php?rest_route=\/wp\/v2\/posts"}],"about":[{"href":"https:\/\/elalto.gob.bo\/noticias\/index.php?rest_route=\/wp\/v2\/types\/post"}],"author":[{"embeddable":true,"href":"https:\/\/elalto.gob.bo\/noticias\/index.php?rest_route=\/wp\/v2\/users\/17"}],"replies":[{"embeddable":true,"href":"https:\/\/elalto.gob.bo\/noticias\/index.php?rest_route=%2Fwp%2Fv2%2Fcomments&post=27510"}],"version-history":[{"count":1,"href":"https:\/\/elalto.gob.bo\/noticias\/index.php?rest_route=\/wp\/v2\/posts\/27510\/revisions"}],"predecessor-version":[{"id":27513,"href":"https:\/\/elalto.gob.bo\/noticias\/index.php?rest_route=\/wp\/v2\/posts\/27510\/revisions\/27513"}],"wp:featuredmedia":[{"embeddable":true,"href":"https:\/\/elalto.gob.bo\/noticias\/index.php?rest_route=\/wp\/v2\/media\/27511"}],"wp:attachment":[{"href":"https:\/\/elalto.gob.bo\/noticias\/index.php?rest_route=%2Fwp%2Fv2%2Fmedia&parent=27510"}],"wp:term":[{"taxonomy":"category","embeddable":true,"href":"https:\/\/elalto.gob.bo\/noticias\/index.php?rest_route=%2Fwp%2Fv2%2Fcategories&post=27510"},{"taxonomy":"post_tag","embeddable":true,"href":"https:\/\/elalto.gob.bo\/noticias\/index.php?rest_route=%2Fwp%2Fv2%2Ftags&post=27510"}],"curies":[{"name":"wp","href":"https:\/\/api.w.org\/{rel}","templated":true}]}}