{"id":27514,"date":"2026-09-04T18:10:56","date_gmt":"2026-09-04T22:10:56","guid":{"rendered":"https:\/\/elalto.gob.bo\/noticias\/?p=27514"},"modified":"2026-09-04T18:10:59","modified_gmt":"2026-09-04T22:10:59","slug":"avanza-la-construccion-del-pavimento-rigido-en-la-avenida-adrian-castillo-de-alto-lima","status":"publish","type":"post","link":"https:\/\/elalto.gob.bo\/noticias\/?p=27514","title":{"rendered":"Avanza la construcci\u00f3n del pavimento r\u00edgido en la avenida Adri\u00e1n Castillo de Alto Lima"},"content":{"rendered":"\n<p class=\"wp-block-paragraph\">Prensa GAMEA\/Vie 04.08.26<\/p>\n\n\n\n<p class=\"wp-block-paragraph\">En el marco de las tareas de fiscalizaci\u00f3n de obras, el municipio realiza el seguimiento a la construcci\u00f3n del pavimento r\u00edgido en la avenida Adri\u00e1n Castillo en la primera, segunda y tercera secci\u00f3n de la zona de Alto Lima. Se evidencia la regularidad en el avance de la obra que beneficiar\u00e1 a este sector de la ciudad de El Alto.<\/p>\n\n\n\n<p class=\"wp-block-paragraph\">El t\u00e9cnico supervisor miembro de la Unidad de Fiscalizaci\u00f3n del municipio alte\u00f1o, Diego Molina, inform\u00f3 que la inspecci\u00f3n realizada forma parte del seguimiento sostenido a la ejecuci\u00f3n de la obra y permite identificar posibles puntos de intervenci\u00f3n antes de que los trabajos puedan generar afectaciones a los servicios b\u00e1sicos.<\/p>\n\n\n\n<figure class=\"wp-block-image size-large\"><img loading=\"lazy\" loading=\"lazy\" decoding=\"async\" width=\"1024\" height=\"449\" src=\"https:\/\/elalto.gob.bo\/noticias\/wp-content\/uploads\/2026\/09\/WhatsApp-Image-2026-09-04-at-17.17.28-1-1024x449.jpeg\" alt=\"\" class=\"wp-image-27516\" srcset=\"https:\/\/elalto.gob.bo\/noticias\/wp-content\/uploads\/2026\/09\/WhatsApp-Image-2026-09-04-at-17.17.28-1-1024x449.jpeg 1024w, https:\/\/elalto.gob.bo\/noticias\/wp-content\/uploads\/2026\/09\/WhatsApp-Image-2026-09-04-at-17.17.28-1-300x132.jpeg 300w, https:\/\/elalto.gob.bo\/noticias\/wp-content\/uploads\/2026\/09\/WhatsApp-Image-2026-09-04-at-17.17.28-1-768x337.jpeg 768w, https:\/\/elalto.gob.bo\/noticias\/wp-content\/uploads\/2026\/09\/WhatsApp-Image-2026-09-04-at-17.17.28-1-1536x674.jpeg 1536w, https:\/\/elalto.gob.bo\/noticias\/wp-content\/uploads\/2026\/09\/WhatsApp-Image-2026-09-04-at-17.17.28-1-860x377.jpeg 860w, https:\/\/elalto.gob.bo\/noticias\/wp-content\/uploads\/2026\/09\/WhatsApp-Image-2026-09-04-at-17.17.28-1.jpeg 1600w\" sizes=\"auto, (max-width: 1024px) 100vw, 1024px\" \/><\/figure>\n\n\n\n<p class=\"wp-block-paragraph\">Manifest\u00f3 que la obra se encuentra en un rango previsible de avance, \u201cactualmente tiene un porcentaje de ejecuci\u00f3n de m\u00e1s del 4%, tambi\u00e9n se est\u00e1 controlando los cronogramas y se est\u00e1 avanzando de acuerdo a todo lo planificado\u201d, afirm\u00f3 el fiscal de obras.<\/p>\n\n\n\n<p class=\"wp-block-paragraph\">Por otro lado, record\u00f3 que la coordinaci\u00f3n con las empresas de servicios contin\u00faa, con la Empresa P\u00fablica Social de Agua y Saneamiento (EPSAS), Distribuidora de Electricidad La Paz (DELAPAZ) y pr\u00f3ximamente se efectivizar\u00e1 el acercamiento con Yacimientos Petrol\u00edferos Fiscales Bolivianos (YPFB) con el objeto de prever cualquier eventualidad o situaci\u00f3n de afectaci\u00f3n durante la ejecuci\u00f3n de la obra.<\/p>\n\n\n\n<p class=\"wp-block-paragraph\">\u201cEstas acciones permitir\u00e1n prevenir inconvenientes durante la ejecuci\u00f3n del pavimento r\u00edgido y garantizar la continuidad de los servicios para los vecinos de Alto Lima en sus tres secciones\u201d, asever\u00f3.<\/p>\n\n\n\n<p class=\"wp-block-paragraph\">Amadeo Guti\u00e9rrez, Vicepresidente de la Junta de Vecinos de la Primera Secci\u00f3n de Alto Lima, dijo que los vecinos observan que los trabajos se est\u00e1n realizando en el lugar de manera regular y que en el futuro ser\u00e1 de utilidad para la zona, considerando que es una avenida principal que ya contar\u00e1 con pavimento r\u00edgido.<\/p>\n","protected":false},"excerpt":{"rendered":"<p>Prensa GAMEA\/Vie 04.08.26 En el marco de las tareas de fiscalizaci\u00f3n de obras, el municipio realiza el seguimiento a la construcci\u00f3n del pavimento r\u00edgido en la avenida Adri\u00e1n Castillo en la primera, segunda y tercera secci\u00f3n de la zona de Alto Lima. Se evidencia la regularidad en el avance de la obra que beneficiar\u00e1 a [&hellip;]<\/p>\n","protected":false},"author":17,"featured_media":27515,"comment_status":"open","ping_status":"open","sticky":false,"template":"","format":"standard","meta":{"content-type":"","footnotes":""},"categories":[165],"tags":[],"class_list":["post-27514","post","type-post","status-publish","format-standard","has-post-thumbnail","category-subalcaldias"],"_links":{"self":[{"href":"https:\/\/elalto.gob.bo\/noticias\/index.php?rest_route=\/wp\/v2\/posts\/27514","targetHints":{"allow":["GET"]}}],"collection":[{"href":"https:\/\/elalto.gob.bo\/noticias\/index.php?rest_route=\/wp\/v2\/posts"}],"about":[{"href":"https:\/\/elalto.gob.bo\/noticias\/index.php?rest_route=\/wp\/v2\/types\/post"}],"author":[{"embeddable":true,"href":"https:\/\/elalto.gob.bo\/noticias\/index.php?rest_route=\/wp\/v2\/users\/17"}],"replies":[{"embeddable":true,"href":"https:\/\/elalto.gob.bo\/noticias\/index.php?rest_route=%2Fwp%2Fv2%2Fcomments&post=27514"}],"version-history":[{"count":1,"href":"https:\/\/elalto.gob.bo\/noticias\/index.php?rest_route=\/wp\/v2\/posts\/27514\/revisions"}],"predecessor-version":[{"id":27517,"href":"https:\/\/elalto.gob.bo\/noticias\/index.php?rest_route=\/wp\/v2\/posts\/27514\/revisions\/27517"}],"wp:featuredmedia":[{"embeddable":true,"href":"https:\/\/elalto.gob.bo\/noticias\/index.php?rest_route=\/wp\/v2\/media\/27515"}],"wp:attachment":[{"href":"https:\/\/elalto.gob.bo\/noticias\/index.php?rest_route=%2Fwp%2Fv2%2Fmedia&parent=27514"}],"wp:term":[{"taxonomy":"category","embeddable":true,"href":"https:\/\/elalto.gob.bo\/noticias\/index.php?rest_route=%2Fwp%2Fv2%2Fcategories&post=27514"},{"taxonomy":"post_tag","embeddable":true,"href":"https:\/\/elalto.gob.bo\/noticias\/index.php?rest_route=%2Fwp%2Fv2%2Ftags&post=27514"}],"curies":[{"name":"wp","href":"https:\/\/api.w.org\/{rel}","templated":true}]}}