{"id":27518,"date":"2026-09-04T18:14:59","date_gmt":"2026-09-04T22:14:59","guid":{"rendered":"https:\/\/elalto.gob.bo\/noticias\/?p=27518"},"modified":"2026-09-04T18:15:02","modified_gmt":"2026-09-04T22:15:02","slug":"gamea-activa-respuesta-inmediata-del-sistema-de-salud-ante-explosiones-registradas-en-viacha","status":"publish","type":"post","link":"https:\/\/elalto.gob.bo\/noticias\/?p=27518","title":{"rendered":"GAMEA activa respuesta inmediata del sistema de salud ante explosiones registradas en Viacha"},"content":{"rendered":"\n<p class=\"wp-block-paragraph\">Ante el reporte de explosiones registradas en inmediaciones del Regimiento 2 Bol\u00edvar del municipio de Viacha, el Gobierno Aut\u00f3nomo Municipal de El Alto (GAMEA) atendi\u00f3 de manera inmediata la solicitud de apoyo, con ambulancias del Sistema de Urgencias y Emergencias M\u00e9dicas (SUMA) sum\u00e1ndose a la atenci\u00f3n prehospitalaria con personal multidiciplinario de salud para la atenci\u00f3n y traslado de heridos.<\/p>\n\n\n\n<p class=\"wp-block-paragraph\">De acuerdo con reportes preliminares, las detonaciones generaron alarma entre los vecinos de la zona y habr\u00edan ocasionado da\u00f1os materiales en el ingreso de la unidad militar y viviendas aleda\u00f1as. La segunda explosi\u00f3n habr\u00eda tenido mayor intensidad, provocando preocupaci\u00f3n entre los habitantes, mientras efectivos militares solicitaron a la poblaci\u00f3n mantenerse alejada del lugar.<\/p>\n\n\n\n<figure class=\"wp-block-image size-large\"><img loading=\"lazy\" loading=\"lazy\" decoding=\"async\" width=\"963\" height=\"1024\" src=\"https:\/\/elalto.gob.bo\/noticias\/wp-content\/uploads\/2026\/09\/WhatsApp-Image-2026-09-04-at-17.50.49-963x1024.jpeg\" alt=\"\" class=\"wp-image-27520\" srcset=\"https:\/\/elalto.gob.bo\/noticias\/wp-content\/uploads\/2026\/09\/WhatsApp-Image-2026-09-04-at-17.50.49-963x1024.jpeg 963w, https:\/\/elalto.gob.bo\/noticias\/wp-content\/uploads\/2026\/09\/WhatsApp-Image-2026-09-04-at-17.50.49-282x300.jpeg 282w, https:\/\/elalto.gob.bo\/noticias\/wp-content\/uploads\/2026\/09\/WhatsApp-Image-2026-09-04-at-17.50.49-768x817.jpeg 768w, https:\/\/elalto.gob.bo\/noticias\/wp-content\/uploads\/2026\/09\/WhatsApp-Image-2026-09-04-at-17.50.49-860x915.jpeg 860w, https:\/\/elalto.gob.bo\/noticias\/wp-content\/uploads\/2026\/09\/WhatsApp-Image-2026-09-04-at-17.50.49.jpeg 1440w\" sizes=\"auto, (max-width: 963px) 100vw, 963px\" \/><\/figure>\n\n\n\n<p class=\"wp-block-paragraph\">El Director de Gesti\u00f3n en Salud del Municipio de El Alto, Yecid Humacayo, sostuvo que la Alcald\u00eda de El Alto activ\u00f3 su capacidad de respuesta de manera oportuna movilizando ambulancias y personal de salud hacia el municipio de Viacha, en coordinaci\u00f3n con el SEDES y hospital de segundo nivel de Viacha, esto con el fin de brindar apoyo m\u00e9dico ante cualquier eventualidad, precautelar la salud y seguridad de las personas que pudieran resultar heridas.<\/p>\n\n\n\n<p class=\"wp-block-paragraph\">Mientras contin\u00faan las labores de verificaci\u00f3n en el sector, las autoridades militares mantienen el \u00e1rea bajo resguardo y recomiendan a la poblaci\u00f3n evitar aproximarse.<\/p>\n","protected":false},"excerpt":{"rendered":"<p>Ante el reporte de explosiones registradas en inmediaciones del Regimiento 2 Bol\u00edvar del municipio de Viacha, el Gobierno Aut\u00f3nomo Municipal de El Alto (GAMEA) atendi\u00f3 de manera inmediata la solicitud de apoyo, con ambulancias del Sistema de Urgencias y Emergencias M\u00e9dicas (SUMA) sum\u00e1ndose a la atenci\u00f3n prehospitalaria con personal multidiciplinario de salud para la atenci\u00f3n [&hellip;]<\/p>\n","protected":false},"author":17,"featured_media":27519,"comment_status":"open","ping_status":"open","sticky":false,"template":"","format":"standard","meta":{"content-type":"","footnotes":""},"categories":[160],"tags":[],"class_list":["post-27518","post","type-post","status-publish","format-standard","has-post-thumbnail","category-salud"],"_links":{"self":[{"href":"https:\/\/elalto.gob.bo\/noticias\/index.php?rest_route=\/wp\/v2\/posts\/27518","targetHints":{"allow":["GET"]}}],"collection":[{"href":"https:\/\/elalto.gob.bo\/noticias\/index.php?rest_route=\/wp\/v2\/posts"}],"about":[{"href":"https:\/\/elalto.gob.bo\/noticias\/index.php?rest_route=\/wp\/v2\/types\/post"}],"author":[{"embeddable":true,"href":"https:\/\/elalto.gob.bo\/noticias\/index.php?rest_route=\/wp\/v2\/users\/17"}],"replies":[{"embeddable":true,"href":"https:\/\/elalto.gob.bo\/noticias\/index.php?rest_route=%2Fwp%2Fv2%2Fcomments&post=27518"}],"version-history":[{"count":1,"href":"https:\/\/elalto.gob.bo\/noticias\/index.php?rest_route=\/wp\/v2\/posts\/27518\/revisions"}],"predecessor-version":[{"id":27521,"href":"https:\/\/elalto.gob.bo\/noticias\/index.php?rest_route=\/wp\/v2\/posts\/27518\/revisions\/27521"}],"wp:featuredmedia":[{"embeddable":true,"href":"https:\/\/elalto.gob.bo\/noticias\/index.php?rest_route=\/wp\/v2\/media\/27519"}],"wp:attachment":[{"href":"https:\/\/elalto.gob.bo\/noticias\/index.php?rest_route=%2Fwp%2Fv2%2Fmedia&parent=27518"}],"wp:term":[{"taxonomy":"category","embeddable":true,"href":"https:\/\/elalto.gob.bo\/noticias\/index.php?rest_route=%2Fwp%2Fv2%2Fcategories&post=27518"},{"taxonomy":"post_tag","embeddable":true,"href":"https:\/\/elalto.gob.bo\/noticias\/index.php?rest_route=%2Fwp%2Fv2%2Ftags&post=27518"}],"curies":[{"name":"wp","href":"https:\/\/api.w.org\/{rel}","templated":true}]}}