{"id":27526,"date":"2026-09-04T23:02:54","date_gmt":"2026-09-05T03:02:54","guid":{"rendered":"https:\/\/elalto.gob.bo\/noticias\/?p=27526"},"modified":"2026-09-04T23:02:58","modified_gmt":"2026-09-05T03:02:58","slug":"alcaldia-de-el-alto-despliega-personal-de-apoyo-para-las-familias-afectadas-por-la-explosion-en-viacha","status":"publish","type":"post","link":"https:\/\/elalto.gob.bo\/noticias\/?p=27526","title":{"rendered":"Alcald\u00eda de El Alto despliega personal de apoyo para las familias afectadas por la explosi\u00f3n en Viacha"},"content":{"rendered":"\n<p class=\"wp-block-paragraph\"><em>\u200bPRENSA GAMEA\/04.09.2026<\/em><\/p>\n\n\n\n<p class=\"wp-block-paragraph\">En un acto de solidaridad interinstitucional, el Gobierno Aut\u00f3nomo Municipal de El Alto (GAMEA) moviliz\u00f3 a sus dependencias para brindar atenci\u00f3n m\u00e9dica, traslado de emergencia y asistencia social a las familias damnificadas tras la reciente explosi\u00f3n registrada en el cuartel del municipio de Viacha.<\/p>\n\n\n\n<figure class=\"wp-block-image size-large\"><img loading=\"lazy\" loading=\"lazy\" decoding=\"async\" width=\"1024\" height=\"461\" src=\"https:\/\/elalto.gob.bo\/noticias\/wp-content\/uploads\/2026\/09\/IMG-20260904-WA0495-1024x461.jpg\" alt=\"\" class=\"wp-image-27527\" srcset=\"https:\/\/elalto.gob.bo\/noticias\/wp-content\/uploads\/2026\/09\/IMG-20260904-WA0495-1024x461.jpg 1024w, https:\/\/elalto.gob.bo\/noticias\/wp-content\/uploads\/2026\/09\/IMG-20260904-WA0495-300x135.jpg 300w, https:\/\/elalto.gob.bo\/noticias\/wp-content\/uploads\/2026\/09\/IMG-20260904-WA0495-767x345.jpg 767w, https:\/\/elalto.gob.bo\/noticias\/wp-content\/uploads\/2026\/09\/IMG-20260904-WA0495-1536x691-1.jpg 1536w, https:\/\/elalto.gob.bo\/noticias\/wp-content\/uploads\/2026\/09\/IMG-20260904-WA0495-860x387.jpg 860w, https:\/\/elalto.gob.bo\/noticias\/wp-content\/uploads\/2026\/09\/IMG-20260904-WA0495.jpg 1600w\" sizes=\"auto, (max-width: 1024px) 100vw, 1024px\" \/><\/figure>\n\n\n\n<p class=\"wp-block-paragraph\">\u200bDesde las primeras horas de la emergencia, la Secretar\u00eda Municipal de Salud, liderada por Rose Mary Cabrera, dispuso el despliegue inmediato de ambulancias y personal especializado para la evacuaci\u00f3n y traslado urgente de los heridos hacia centros de salud y hospitales de tercer nivel de la ciudad de El Alto.<\/p>\n\n\n\n<figure class=\"wp-block-image size-large\"><img loading=\"lazy\" loading=\"lazy\" decoding=\"async\" width=\"1024\" height=\"461\" src=\"https:\/\/elalto.gob.bo\/noticias\/wp-content\/uploads\/2026\/09\/IMG-20260904-WA0496-1024x461.jpg\" alt=\"\" class=\"wp-image-27528\" srcset=\"https:\/\/elalto.gob.bo\/noticias\/wp-content\/uploads\/2026\/09\/IMG-20260904-WA0496-1024x461.jpg 1024w, https:\/\/elalto.gob.bo\/noticias\/wp-content\/uploads\/2026\/09\/IMG-20260904-WA0496-300x135.jpg 300w, https:\/\/elalto.gob.bo\/noticias\/wp-content\/uploads\/2026\/09\/IMG-20260904-WA0496-767x345.jpg 767w, https:\/\/elalto.gob.bo\/noticias\/wp-content\/uploads\/2026\/09\/IMG-20260904-WA0496-1536x691-1.jpg 1536w, https:\/\/elalto.gob.bo\/noticias\/wp-content\/uploads\/2026\/09\/IMG-20260904-WA0496-860x387.jpg 860w, https:\/\/elalto.gob.bo\/noticias\/wp-content\/uploads\/2026\/09\/IMG-20260904-WA0496.jpg 1600w\" sizes=\"auto, (max-width: 1024px) 100vw, 1024px\" \/><\/figure>\n\n\n\n<p class=\"wp-block-paragraph\">\u200bDe manera paralela, la administraci\u00f3n municipal activ\u00f3 acciones de ayuda humanitaria a trav\u00e9s de un trabajo coordinado entre la Secretar\u00eda Municipal de Desarrollo Econ\u00f3mico, a cargo de Willy Tancara, y la Secretar\u00eda Municipal de Desarrollo Humano, dirigida por Israel Fern\u00e1ndez. Ambas dependencias articulan la log\u00edstica para la provisi\u00f3n de insumos, apoyo integral y la acogida de las familias afectadas en los albergues transitorios habilitados en el municipio alte\u00f1o.<\/p>\n\n\n\n<p class=\"wp-block-paragraph\">\u200bCon estas medidas, el GAMEA reafirm\u00f3 su compromiso de auxilio oportuno y cooperaci\u00f3n fraternal con los municipios vecinos ante situaciones de contingencia y desastre.<br>\/\/\/\/\/\/\/<\/p>\n\n\n\n<p class=\"wp-block-paragraph\"><\/p>\n\n\n\n<p class=\"wp-block-paragraph\"><\/p>\n\n\n\n<p class=\"wp-block-paragraph\"><\/p>\n\n\n\n<p class=\"wp-block-paragraph\"><\/p>\n\n\n\n<p class=\"wp-block-paragraph\"><\/p>\n\n\n\n<p class=\"wp-block-paragraph\"><\/p>\n","protected":false},"excerpt":{"rendered":"<p>\u200bPRENSA GAMEA\/04.09.2026 En un acto de solidaridad interinstitucional, el Gobierno Aut\u00f3nomo Municipal de El Alto (GAMEA) moviliz\u00f3 a sus dependencias para brindar atenci\u00f3n m\u00e9dica, traslado de emergencia y asistencia social a las familias damnificadas tras la reciente explosi\u00f3n registrada en el cuartel del municipio de Viacha. \u200bDesde las primeras horas de la emergencia, la Secretar\u00eda [&hellip;]<\/p>\n","protected":false},"author":17,"featured_media":27524,"comment_status":"open","ping_status":"open","sticky":false,"template":"","format":"standard","meta":{"content-type":"","footnotes":""},"categories":[15],"tags":[],"class_list":["post-27526","post","type-post","status-publish","format-standard","has-post-thumbnail","category-gestion"],"_links":{"self":[{"href":"https:\/\/elalto.gob.bo\/noticias\/index.php?rest_route=\/wp\/v2\/posts\/27526","targetHints":{"allow":["GET"]}}],"collection":[{"href":"https:\/\/elalto.gob.bo\/noticias\/index.php?rest_route=\/wp\/v2\/posts"}],"about":[{"href":"https:\/\/elalto.gob.bo\/noticias\/index.php?rest_route=\/wp\/v2\/types\/post"}],"author":[{"embeddable":true,"href":"https:\/\/elalto.gob.bo\/noticias\/index.php?rest_route=\/wp\/v2\/users\/17"}],"replies":[{"embeddable":true,"href":"https:\/\/elalto.gob.bo\/noticias\/index.php?rest_route=%2Fwp%2Fv2%2Fcomments&post=27526"}],"version-history":[{"count":1,"href":"https:\/\/elalto.gob.bo\/noticias\/index.php?rest_route=\/wp\/v2\/posts\/27526\/revisions"}],"predecessor-version":[{"id":27529,"href":"https:\/\/elalto.gob.bo\/noticias\/index.php?rest_route=\/wp\/v2\/posts\/27526\/revisions\/27529"}],"wp:attachment":[{"href":"https:\/\/elalto.gob.bo\/noticias\/index.php?rest_route=%2Fwp%2Fv2%2Fmedia&parent=27526"}],"wp:term":[{"taxonomy":"category","embeddable":true,"href":"https:\/\/elalto.gob.bo\/noticias\/index.php?rest_route=%2Fwp%2Fv2%2Fcategories&post=27526"},{"taxonomy":"post_tag","embeddable":true,"href":"https:\/\/elalto.gob.bo\/noticias\/index.php?rest_route=%2Fwp%2Fv2%2Ftags&post=27526"}],"curies":[{"name":"wp","href":"https:\/\/api.w.org\/{rel}","templated":true}]}}