{"id":27530,"date":"2026-09-05T15:21:16","date_gmt":"2026-09-05T19:21:16","guid":{"rendered":"https:\/\/elalto.gob.bo\/noticias\/?p=27530"},"modified":"2026-09-05T15:21:20","modified_gmt":"2026-09-05T19:21:20","slug":"el-alto-decreta-tres-dias-de-duelo-por-la-tragedia-en-viacha-y-moviliza-auxilio-medico-y-psicologico-urgente","status":"publish","type":"post","link":"https:\/\/elalto.gob.bo\/noticias\/?p=27530","title":{"rendered":"El Alto decreta tres d\u00edas de duelo por la tragedia en Viacha y moviliza auxilio m\u00e9dico y psicol\u00f3gico urgente"},"content":{"rendered":"\n<p class=\"wp-block-paragraph\"><em>PRENSA GAMEA 05.09.2026<\/em><\/p>\n\n\n\n<p class=\"wp-block-paragraph\">Tras los lamentables hechos sucedidos la jornada de ayer, el alcalde de la ciudad de El Alto, Eliser Roca Tancara, inform\u00f3 este s\u00e1bado que el municipio declar\u00f3 tres d\u00edas de duelo en la urbe en solidaridad con las familias afectadas. La medida se formaliz\u00f3 mediante la promulgaci\u00f3n del Decreto Edil 043\/2026, el cual establece tres determinaciones centrales.<\/p>\n\n\n\n<p class=\"wp-block-paragraph\">\u200bEn primer lugar, se declara formalmente tres d\u00edas de duelo en todo el territorio del municipio de El Alto, correspondientes a los d\u00edas s\u00e1bado, domingo y lunes. En segundo lugar, se dispone que durante estas jornadas las banderas sean izadas a media asta con cresp\u00f3n negro en todas las dependencias, espacios municipales y privados, como muestra de respeto y solidaridad. Finalmente, se establece que el duelo municipal no implica la suspensi\u00f3n de actividades en el municipio y se dispone la realizaci\u00f3n de un minuto de silencio al inicio de las diferentes actividades programadas.<\/p>\n\n\n\n<p class=\"wp-block-paragraph\">\u200bDurante el anuncio oficial, la m\u00e1xima autoridad edil de El Alto manifest\u00f3 el profundo pesar de la comunidad alte\u00f1a ante este dif\u00edcil momento y reafirm\u00f3 el compromiso de colaboraci\u00f3n con el municipio vecino. \u00abLamentamos lo ocurrido, toda nuestra solidaridad con las familias que est\u00e1n atravesando este dif\u00edcil momento. Como municipio de El Alto hemos decidido declarar duelo por tres d\u00edas sin suspensi\u00f3n de actividades\u00bb, se\u00f1al\u00f3 Roca Tancara al dar a conocer la disposici\u00f3n edilicia.<\/p>\n\n\n\n<p class=\"wp-block-paragraph\">\u200bAsimismo, la autoridad destac\u00f3 la pronta respuesta de las unidades de emergencia municipales que se movilizaron de manera inmediata hasta el lugar de los hechos. A trav\u00e9s de la Secretar\u00eda Municipal de Salud, el municipio de El Alto fue uno de los primeros en prestar auxilio desplegando unidades del Servicio de Urgencias M\u00e9dicas de El Alto (SUMA) para brindar atenci\u00f3n oportuna, socorrer y trasladar a quienes requer\u00edan asistencia m\u00e9dica de urgencia.<\/p>\n\n\n\n<p class=\"wp-block-paragraph\">\u200bLa asistencia brindada por la administraci\u00f3n alte\u00f1a trascendi\u00f3 el \u00e1mbito sanitario para abarcar de forma integral la contenci\u00f3n de los damnificados. La Secretar\u00eda Municipal de Desarrollo Humano desplaz\u00f3 un contingente multidisciplinario compuesto por psic\u00f3logos y trabajadores sociales para prestar acompa\u00f1amiento integral y apoyo emocional a las familias impactadas por este lamentable suceso.<\/p>\n","protected":false},"excerpt":{"rendered":"<p>PRENSA GAMEA 05.09.2026 Tras los lamentables hechos sucedidos la jornada de ayer, el alcalde de la ciudad de El Alto, Eliser Roca Tancara, inform\u00f3 este s\u00e1bado que el municipio declar\u00f3 tres d\u00edas de duelo en la urbe en solidaridad con las familias afectadas. La medida se formaliz\u00f3 mediante la promulgaci\u00f3n del Decreto Edil 043\/2026, el [&hellip;]<\/p>\n","protected":false},"author":17,"featured_media":27531,"comment_status":"open","ping_status":"open","sticky":false,"template":"","format":"standard","meta":{"content-type":"","footnotes":""},"categories":[15],"tags":[],"class_list":["post-27530","post","type-post","status-publish","format-standard","has-post-thumbnail","category-gestion"],"_links":{"self":[{"href":"https:\/\/elalto.gob.bo\/noticias\/index.php?rest_route=\/wp\/v2\/posts\/27530","targetHints":{"allow":["GET"]}}],"collection":[{"href":"https:\/\/elalto.gob.bo\/noticias\/index.php?rest_route=\/wp\/v2\/posts"}],"about":[{"href":"https:\/\/elalto.gob.bo\/noticias\/index.php?rest_route=\/wp\/v2\/types\/post"}],"author":[{"embeddable":true,"href":"https:\/\/elalto.gob.bo\/noticias\/index.php?rest_route=\/wp\/v2\/users\/17"}],"replies":[{"embeddable":true,"href":"https:\/\/elalto.gob.bo\/noticias\/index.php?rest_route=%2Fwp%2Fv2%2Fcomments&post=27530"}],"version-history":[{"count":1,"href":"https:\/\/elalto.gob.bo\/noticias\/index.php?rest_route=\/wp\/v2\/posts\/27530\/revisions"}],"predecessor-version":[{"id":27532,"href":"https:\/\/elalto.gob.bo\/noticias\/index.php?rest_route=\/wp\/v2\/posts\/27530\/revisions\/27532"}],"wp:featuredmedia":[{"embeddable":true,"href":"https:\/\/elalto.gob.bo\/noticias\/index.php?rest_route=\/wp\/v2\/media\/27531"}],"wp:attachment":[{"href":"https:\/\/elalto.gob.bo\/noticias\/index.php?rest_route=%2Fwp%2Fv2%2Fmedia&parent=27530"}],"wp:term":[{"taxonomy":"category","embeddable":true,"href":"https:\/\/elalto.gob.bo\/noticias\/index.php?rest_route=%2Fwp%2Fv2%2Fcategories&post=27530"},{"taxonomy":"post_tag","embeddable":true,"href":"https:\/\/elalto.gob.bo\/noticias\/index.php?rest_route=%2Fwp%2Fv2%2Ftags&post=27530"}],"curies":[{"name":"wp","href":"https:\/\/api.w.org\/{rel}","templated":true}]}}