{"id":27533,"date":"2026-09-05T15:25:19","date_gmt":"2026-09-05T19:25:19","guid":{"rendered":"https:\/\/elalto.gob.bo\/noticias\/?p=27533"},"modified":"2026-09-05T15:25:22","modified_gmt":"2026-09-05T19:25:22","slug":"tras-tragedia-en-viacha-alcalde-confirma-atencion-a-12-pacientes-en-el-hospital-corea-y-dispone-red-de-salud-y-albergues-de-emergencia","status":"publish","type":"post","link":"https:\/\/elalto.gob.bo\/noticias\/?p=27533","title":{"rendered":"Tras tragedia en Viacha: \u200bAlcalde confirma atenci\u00f3n a 12 pacientes en el Hospital Corea y dispone red de salud y albergues de emergencia"},"content":{"rendered":"\n<p class=\"wp-block-paragraph\"><em>PRENSA GAMEA \/ 05.09.2026<\/em><\/p>\n\n\n\n<p class=\"wp-block-paragraph\">\u200bUn total de 12 personas heridas reciben atenci\u00f3n m\u00e9dica en el Hospital Corea de la urbe alte\u00f1a y un paciente fue derivado al Hospital El Alto Sur, como parte del despliegue de ayuda inmediata dispuesto por el municipio tras los lamentables sucesos ocurridos este vienes en el municipio de Viacha. La informaci\u00f3n fue brindada este s\u00e1bado por el alcalde de El Alto, Eliser Roca Tancara, quien confirm\u00f3 el estado de emergencia del sistema de salud municipal e inform\u00f3 sobre el acondicionamiento de albergues para la familia de los afectados.<\/p>\n\n\n\n<figure class=\"wp-block-image size-large\"><img loading=\"lazy\" loading=\"lazy\" decoding=\"async\" width=\"1024\" height=\"682\" src=\"https:\/\/elalto.gob.bo\/noticias\/wp-content\/uploads\/2026\/09\/IMG-20260905-WA0084-1024x682.jpg\" alt=\"\" class=\"wp-image-27534\" srcset=\"https:\/\/elalto.gob.bo\/noticias\/wp-content\/uploads\/2026\/09\/IMG-20260905-WA0084-1024x682.jpg 1024w, https:\/\/elalto.gob.bo\/noticias\/wp-content\/uploads\/2026\/09\/IMG-20260905-WA0084-300x200.jpg 300w, https:\/\/elalto.gob.bo\/noticias\/wp-content\/uploads\/2026\/09\/IMG-20260905-WA0084-767x511.jpg 767w, https:\/\/elalto.gob.bo\/noticias\/wp-content\/uploads\/2026\/09\/IMG-20260905-WA0084-1536x1023.jpg 1536w, https:\/\/elalto.gob.bo\/noticias\/wp-content\/uploads\/2026\/09\/IMG-20260905-WA0084-330x220.jpg 330w, https:\/\/elalto.gob.bo\/noticias\/wp-content\/uploads\/2026\/09\/IMG-20260905-WA0084-420x280.jpg 420w, https:\/\/elalto.gob.bo\/noticias\/wp-content\/uploads\/2026\/09\/IMG-20260905-WA0084-2048x1365.jpg 2048w, https:\/\/elalto.gob.bo\/noticias\/wp-content\/uploads\/2026\/09\/IMG-20260905-WA0084-615x410.jpg 615w, https:\/\/elalto.gob.bo\/noticias\/wp-content\/uploads\/2026\/09\/IMG-20260905-WA0084-860x573.jpg 860w\" sizes=\"auto, (max-width: 1024px) 100vw, 1024px\" \/><\/figure>\n\n\n\n<p class=\"wp-block-paragraph\">\u200bLa m\u00e1xima autoridad edil anunci\u00f3 que la red sanitaria municipal compuesta por los hospitales Corea, Holand\u00e9s, Japon\u00e9s y Los Andes se encuentra completamente activada y presta a brindar socorro a la poblaci\u00f3n damnificada. Adicionalmente, el municipio despleg\u00f3 un operativo desde el \u00e1rea de Desarrollo Humano y Social para habilitar albergues destinados a acoger y brindar cobijo a las familias que atraviesan esta dif\u00edcil situaci\u00f3n.<\/p>\n\n\n\n<p class=\"wp-block-paragraph\">\u200b\u00bbNo solo estamos actuando en el tema de salud, de igual manera en el \u00e1rea de Desarrollo Humano y Social para ver c\u00f3mo apoyaremos; en ese sentido, hemos establecido albergues para los hermanos y hermanas que est\u00e1n atravesando esta situaci\u00f3n\u00bb, destac\u00f3.<\/p>\n\n\n\n<p class=\"wp-block-paragraph\">La autoridad edil remarc\u00f3 la importancia de la solidaridad y el trabajo conjunto en momentos de contingencia, enviando un mensaje de contenci\u00f3n a la ciudadan\u00eda. \u00abMi mensaje es que siempre tenemos que estar unidos y apoyarnos en estos acontecimientos\u00bb, finaliz\u00f3.<br>\/\/\/\/\/\/<\/p>\n\n\n\n<p class=\"wp-block-paragraph\"><\/p>\n\n\n\n<p class=\"wp-block-paragraph\"><\/p>\n\n\n\n<p class=\"wp-block-paragraph\"><\/p>\n\n\n\n<p class=\"wp-block-paragraph\"><em>GESTI\u00d3N ELISER ROCA<\/em><\/p>\n","protected":false},"excerpt":{"rendered":"<p>PRENSA GAMEA \/ 05.09.2026 \u200bUn total de 12 personas heridas reciben atenci\u00f3n m\u00e9dica en el Hospital Corea de la urbe alte\u00f1a y un paciente fue derivado al Hospital El Alto Sur, como parte del despliegue de ayuda inmediata dispuesto por el municipio tras los lamentables sucesos ocurridos este vienes en el municipio de Viacha. La [&hellip;]<\/p>\n","protected":false},"author":17,"featured_media":27535,"comment_status":"open","ping_status":"open","sticky":false,"template":"","format":"standard","meta":{"content-type":"","footnotes":""},"categories":[15],"tags":[],"class_list":["post-27533","post","type-post","status-publish","format-standard","has-post-thumbnail","category-gestion"],"_links":{"self":[{"href":"https:\/\/elalto.gob.bo\/noticias\/index.php?rest_route=\/wp\/v2\/posts\/27533","targetHints":{"allow":["GET"]}}],"collection":[{"href":"https:\/\/elalto.gob.bo\/noticias\/index.php?rest_route=\/wp\/v2\/posts"}],"about":[{"href":"https:\/\/elalto.gob.bo\/noticias\/index.php?rest_route=\/wp\/v2\/types\/post"}],"author":[{"embeddable":true,"href":"https:\/\/elalto.gob.bo\/noticias\/index.php?rest_route=\/wp\/v2\/users\/17"}],"replies":[{"embeddable":true,"href":"https:\/\/elalto.gob.bo\/noticias\/index.php?rest_route=%2Fwp%2Fv2%2Fcomments&post=27533"}],"version-history":[{"count":1,"href":"https:\/\/elalto.gob.bo\/noticias\/index.php?rest_route=\/wp\/v2\/posts\/27533\/revisions"}],"predecessor-version":[{"id":27536,"href":"https:\/\/elalto.gob.bo\/noticias\/index.php?rest_route=\/wp\/v2\/posts\/27533\/revisions\/27536"}],"wp:featuredmedia":[{"embeddable":true,"href":"https:\/\/elalto.gob.bo\/noticias\/index.php?rest_route=\/wp\/v2\/media\/27535"}],"wp:attachment":[{"href":"https:\/\/elalto.gob.bo\/noticias\/index.php?rest_route=%2Fwp%2Fv2%2Fmedia&parent=27533"}],"wp:term":[{"taxonomy":"category","embeddable":true,"href":"https:\/\/elalto.gob.bo\/noticias\/index.php?rest_route=%2Fwp%2Fv2%2Fcategories&post=27533"},{"taxonomy":"post_tag","embeddable":true,"href":"https:\/\/elalto.gob.bo\/noticias\/index.php?rest_route=%2Fwp%2Fv2%2Ftags&post=27533"}],"curies":[{"name":"wp","href":"https:\/\/api.w.org\/{rel}","templated":true}]}}