{"id":27537,"date":"2026-09-05T20:26:42","date_gmt":"2026-09-06T00:26:42","guid":{"rendered":"https:\/\/elalto.gob.bo\/noticias\/?p=27537"},"modified":"2026-09-05T20:26:45","modified_gmt":"2026-09-06T00:26:45","slug":"alcaldia-certifica-a-choferes-de-ambulancia-del-suma-161-para-optimizar-la-respuestas-ante-emergencias","status":"publish","type":"post","link":"https:\/\/elalto.gob.bo\/noticias\/?p=27537","title":{"rendered":"Alcald\u00eda certifica a ch\u00f3feres de ambulancia del SUMA 161 para optimizar la respuestas ante emergencias"},"content":{"rendered":"\n<p class=\"wp-block-paragraph\"><em>PRENSA GAMEA \/ 05.09.2026<\/em><\/p>\n\n\n\n<p class=\"wp-block-paragraph\">\u200bCon el objetivo de fortalecer la capacidad de respuesta inmediata y la seguridad en el traslado de pacientes, el Gobierno Municipal de El Alto clausur\u00f3 este s\u00e1bado la tercera versi\u00f3n del Curso de Operaci\u00f3n Segura de Veh\u00edculos de Emergencia (COSVE). La capacitaci\u00f3n, impulsada a trav\u00e9s del Sistema de Urgencias y Emergencias M\u00e9dicas (SUMA 161), benefici\u00f3 a 12 conductores de ambulancias de la urbe, quienes recibieron sus certificaciones tras culminar un riguroso proceso de formaci\u00f3n t\u00e9cnica y pr\u00e1ctica.<\/p>\n\n\n\n<p class=\"wp-block-paragraph\">\u200bDurante la ceremonia de cierre, el Alcalde de El Alto, Eliser Roca Tancara, ponder\u00f3 la preparaci\u00f3n previa del personal municipal para encarar contingencias de magnitud en la regi\u00f3n. \u00abNosotros como salud hemos estado trabajando anticipadamente, la pasada semana se ha capacitado a 12 conductores de las ambulancias del SUMA del municipio de El Alto para saber c\u00f3mo deben actuar en caso de emergencias\u00bb, destac\u00f3.<\/p>\n\n\n\n<p class=\"wp-block-paragraph\">\u200bEn ese sentido, el Alcalde explic\u00f3 que la importancia de esta capacitaci\u00f3n previa se reflej\u00f3 directamente en el despliegue inmediato realizado en el municipio vecino tras la tragedia registrada en Viacha. \u00abTal como sucedi\u00f3 ayer, fuimos los primeros en llegar hasta Viacha con las ambulancias del SUMA, con personal m\u00e9dico, con personal de Desarrollo Humano, trabajadoras sociales, psic\u00f3logos; y as\u00ed es como debe ser trabajar. Somos hermanos, no solamente debemos atender a los ciudadanos de El Alto, sino a los municipios circundantes\u00bb, enfatiz\u00f3.<\/p>\n\n\n\n<p class=\"wp-block-paragraph\">\u200bPor su parte, la Secretaria Municipal de Salud, Rosse Mary Blanco, resalt\u00f3 que la iniciativa busca transformar el rol del profesional al volante dentro del equipo de socorro. \u00abLos conductores de las ambulancias no solamente deben enfocarse en conducir el veh\u00edculo, sino que tienen que convertirse en un brazo operativo y un apoyo para el personal de salud que tripula la ambulancia\u00bb, afirm\u00f3.<\/p>\n\n\n\n<p class=\"wp-block-paragraph\">\u200bEl proceso formativo abarc\u00f3 m\u00f3dulos de seguridad vial, conducci\u00f3n defensiva, maniobra de veh\u00edculos de emergencia, evaluaci\u00f3n de condiciones de tr\u00e1nsito y transporte seguro. Asimismo, la instrucci\u00f3n incluy\u00f3 contenidos de Apoyo en Atenci\u00f3n Prehospitalaria, capacitando a los ch\u00f3feres para cooperar activamente con el personal sanitario ante situaciones de alta presi\u00f3n, clima adverso y tr\u00e1fico denso.<\/p>\n\n\n\n<p class=\"wp-block-paragraph\"><\/p>\n","protected":false},"excerpt":{"rendered":"<p>PRENSA GAMEA \/ 05.09.2026 \u200bCon el objetivo de fortalecer la capacidad de respuesta inmediata y la seguridad en el traslado de pacientes, el Gobierno Municipal de El Alto clausur\u00f3 este s\u00e1bado la tercera versi\u00f3n del Curso de Operaci\u00f3n Segura de Veh\u00edculos de Emergencia (COSVE). La capacitaci\u00f3n, impulsada a trav\u00e9s del Sistema de Urgencias y Emergencias [&hellip;]<\/p>\n","protected":false},"author":17,"featured_media":27539,"comment_status":"open","ping_status":"open","sticky":false,"template":"","format":"standard","meta":{"content-type":"","footnotes":""},"categories":[160],"tags":[],"class_list":["post-27537","post","type-post","status-publish","format-standard","has-post-thumbnail","category-salud"],"_links":{"self":[{"href":"https:\/\/elalto.gob.bo\/noticias\/index.php?rest_route=\/wp\/v2\/posts\/27537","targetHints":{"allow":["GET"]}}],"collection":[{"href":"https:\/\/elalto.gob.bo\/noticias\/index.php?rest_route=\/wp\/v2\/posts"}],"about":[{"href":"https:\/\/elalto.gob.bo\/noticias\/index.php?rest_route=\/wp\/v2\/types\/post"}],"author":[{"embeddable":true,"href":"https:\/\/elalto.gob.bo\/noticias\/index.php?rest_route=\/wp\/v2\/users\/17"}],"replies":[{"embeddable":true,"href":"https:\/\/elalto.gob.bo\/noticias\/index.php?rest_route=%2Fwp%2Fv2%2Fcomments&post=27537"}],"version-history":[{"count":1,"href":"https:\/\/elalto.gob.bo\/noticias\/index.php?rest_route=\/wp\/v2\/posts\/27537\/revisions"}],"predecessor-version":[{"id":27540,"href":"https:\/\/elalto.gob.bo\/noticias\/index.php?rest_route=\/wp\/v2\/posts\/27537\/revisions\/27540"}],"wp:featuredmedia":[{"embeddable":true,"href":"https:\/\/elalto.gob.bo\/noticias\/index.php?rest_route=\/wp\/v2\/media\/27539"}],"wp:attachment":[{"href":"https:\/\/elalto.gob.bo\/noticias\/index.php?rest_route=%2Fwp%2Fv2%2Fmedia&parent=27537"}],"wp:term":[{"taxonomy":"category","embeddable":true,"href":"https:\/\/elalto.gob.bo\/noticias\/index.php?rest_route=%2Fwp%2Fv2%2Fcategories&post=27537"},{"taxonomy":"post_tag","embeddable":true,"href":"https:\/\/elalto.gob.bo\/noticias\/index.php?rest_route=%2Fwp%2Fv2%2Ftags&post=27537"}],"curies":[{"name":"wp","href":"https:\/\/api.w.org\/{rel}","templated":true}]}}