{"id":27541,"date":"2026-09-05T20:55:55","date_gmt":"2026-09-06T00:55:55","guid":{"rendered":"https:\/\/elalto.gob.bo\/noticias\/?p=27541"},"modified":"2026-09-05T20:55:58","modified_gmt":"2026-09-06T00:55:58","slug":"alcaldia-convoca-a-la-ciudadania-a-sumarse-a-las-actividades-familiares-por-el-dia-del-peaton","status":"publish","type":"post","link":"https:\/\/elalto.gob.bo\/noticias\/?p=27541","title":{"rendered":"Alcald\u00eda convoca a la ciudadan\u00eda a sumarse a las actividades familiares por el D\u00eda del Peat\u00f3n"},"content":{"rendered":"\n<p class=\"wp-block-paragraph\"><em>PRENSA GAMEA \/ 05.09.2026<\/em><\/p>\n\n\n\n<p class=\"wp-block-paragraph\">\u200bCon motivo de la celebraci\u00f3n del D\u00eda del Peat\u00f3n este domingo, el Gobierno Municipal de El Alto convoc\u00f3 a la ciudadan\u00eda alte\u00f1a y al pueblo boliviano a sumarse activamente a las jornadas de sensibilizaci\u00f3n y recreaci\u00f3n preparadas en la urbe. La actividad central consistir\u00e1 en una caminata familiar que arrancar\u00e1 a las 08:00 en el sector de la Ceja de El Alto.<\/p>\n\n\n\n<p class=\"wp-block-paragraph\">\u200bAl respecto, el Alcalde Eliser Roca Tancara, destac\u00f3 la importancia de sumarse a esta jornada orientada al bienestar colectivo y la concientizaci\u00f3n ecol\u00f3gica. \u00abMa\u00f1ana invitamos a toda la poblaci\u00f3n alte\u00f1a y boliviana a ser parte del D\u00eda del Peat\u00f3n. Nosotros vamos a tener una actividad en la Ceja del Alto, a eso de las 8 de la ma\u00f1ana. Vamos a tener, no una carrera cicl\u00edstica, sino un paseo familiar, una caminata\u00bb, anunci\u00f3.<\/p>\n\n\n\n<p class=\"wp-block-paragraph\">\u200bEl recorrido planificado abarcar\u00e1 las principales arterias de la ciudad. El trayecto se iniciar\u00e1 en la calle 2 de la Ceja, continuar\u00e1 hasta el cruce a Viacha para luego encarrilarse por la avenida Ladislao Cabrera; posteriormente, el contingente realizar\u00e1 el retorno correspondiente por la misma ruta hasta concluir nuevamente en el punto de partida.<\/p>\n\n\n\n<p class=\"wp-block-paragraph\">\u200bFinalmente, la m\u00e1xima autoridad municipal remarc\u00f3 el impacto positivo de esta iniciativa en la salud de la comunidad y la preservaci\u00f3n del entorno natural. \u00abQueridos hermanos y hermanas alte\u00f1as, es muy importante participar de estas actividades de cuidado, principalmente del medio ambiente y de la salud\u00bb, concluy\u00f3.<br>\/\/\/\/\/<\/p>\n\n\n\n<p class=\"wp-block-paragraph\"><\/p>\n\n\n\n<p class=\"wp-block-paragraph\"><\/p>\n\n\n\n<p class=\"wp-block-paragraph\"><\/p>\n\n\n\n<p class=\"wp-block-paragraph\"><em>GESTI\u00d3N ELISER ROCA<\/em><\/p>\n","protected":false},"excerpt":{"rendered":"<p>PRENSA GAMEA \/ 05.09.2026 \u200bCon motivo de la celebraci\u00f3n del D\u00eda del Peat\u00f3n este domingo, el Gobierno Municipal de El Alto convoc\u00f3 a la ciudadan\u00eda alte\u00f1a y al pueblo boliviano a sumarse activamente a las jornadas de sensibilizaci\u00f3n y recreaci\u00f3n preparadas en la urbe. La actividad central consistir\u00e1 en una caminata familiar que arrancar\u00e1 a [&hellip;]<\/p>\n","protected":false},"author":17,"featured_media":27542,"comment_status":"open","ping_status":"open","sticky":false,"template":"","format":"standard","meta":{"content-type":"","footnotes":""},"categories":[161],"tags":[],"class_list":["post-27541","post","type-post","status-publish","format-standard","has-post-thumbnail","category-actividades"],"_links":{"self":[{"href":"https:\/\/elalto.gob.bo\/noticias\/index.php?rest_route=\/wp\/v2\/posts\/27541","targetHints":{"allow":["GET"]}}],"collection":[{"href":"https:\/\/elalto.gob.bo\/noticias\/index.php?rest_route=\/wp\/v2\/posts"}],"about":[{"href":"https:\/\/elalto.gob.bo\/noticias\/index.php?rest_route=\/wp\/v2\/types\/post"}],"author":[{"embeddable":true,"href":"https:\/\/elalto.gob.bo\/noticias\/index.php?rest_route=\/wp\/v2\/users\/17"}],"replies":[{"embeddable":true,"href":"https:\/\/elalto.gob.bo\/noticias\/index.php?rest_route=%2Fwp%2Fv2%2Fcomments&post=27541"}],"version-history":[{"count":1,"href":"https:\/\/elalto.gob.bo\/noticias\/index.php?rest_route=\/wp\/v2\/posts\/27541\/revisions"}],"predecessor-version":[{"id":27543,"href":"https:\/\/elalto.gob.bo\/noticias\/index.php?rest_route=\/wp\/v2\/posts\/27541\/revisions\/27543"}],"wp:featuredmedia":[{"embeddable":true,"href":"https:\/\/elalto.gob.bo\/noticias\/index.php?rest_route=\/wp\/v2\/media\/27542"}],"wp:attachment":[{"href":"https:\/\/elalto.gob.bo\/noticias\/index.php?rest_route=%2Fwp%2Fv2%2Fmedia&parent=27541"}],"wp:term":[{"taxonomy":"category","embeddable":true,"href":"https:\/\/elalto.gob.bo\/noticias\/index.php?rest_route=%2Fwp%2Fv2%2Fcategories&post=27541"},{"taxonomy":"post_tag","embeddable":true,"href":"https:\/\/elalto.gob.bo\/noticias\/index.php?rest_route=%2Fwp%2Fv2%2Ftags&post=27541"}],"curies":[{"name":"wp","href":"https:\/\/api.w.org\/{rel}","templated":true}]}}