{"id":27544,"date":"2026-09-05T20:58:57","date_gmt":"2026-09-06T00:58:57","guid":{"rendered":"https:\/\/elalto.gob.bo\/noticias\/?p=27544"},"modified":"2026-09-05T20:59:01","modified_gmt":"2026-09-06T00:59:01","slug":"cru-crujiente-reabre-sus-puertas-para-promover-la-independencia-economica-de-mujeres-y-personas-con-discapacidad","status":"publish","type":"post","link":"https:\/\/elalto.gob.bo\/noticias\/?p=27544","title":{"rendered":"\u200b\u00bbCru Crujiente\u00bb reabre sus puertas para promover la independencia econ\u00f3mica de mujeres y personas con discapacidad"},"content":{"rendered":"\n<p class=\"wp-block-paragraph\"><em>PRENSA GAMEA \/ 05.09.2026<\/em><\/p>\n\n\n\n<p class=\"wp-block-paragraph\">\u200bCon el prop\u00f3sito de promover la autonom\u00eda financiera y visibilizar el talento local, el Gobierno Municipal de El Alto concret\u00f3 la reapertura del proyecto \u00abCru Crujiente\u00bb, un espacio destinado a la comercializaci\u00f3n de productos gastron\u00f3micos y de reposter\u00eda elaborados por mujeres emprendedoras y personas con discapacidad que recibieron capacitaci\u00f3n t\u00e9cnica durante varios meses.<\/p>\n\n\n\n<p class=\"wp-block-paragraph\">\u200bLa Jefa de la Unidad de la Mujer de la Alcald\u00eda de El Alto, Maritza Condori, destac\u00f3 la trascendencia de este espacio productivo y la dedicaci\u00f3n depositada en cada elaboraci\u00f3n. \u00abHoy es un d\u00eda muy importante, se est\u00e1 reaperturando el proyecto Cru Crujiente. Este espacio es de comercializaci\u00f3n para nuestras mujeres emprendedoras; ellas han sido capacitadas por varios meses y ahora ya tienen un espacio donde comercializar sus productos, asimismo las personas con discapacidad\u00bb, se\u00f1al\u00f3 la funcionaria municipal, invitando a la ciudadan\u00eda a respaldar la iniciativa consumiendo la producci\u00f3n local, donde \u00abdetr\u00e1s de cada producto hay una historia de vida y de superaci\u00f3n\u00bb.<\/p>\n\n\n\n<p class=\"wp-block-paragraph\">\u200bPara las familias beneficiarias, estos talleres y puntos de venta representan una oportunidad fundamental de desarrollo a futuro. Mar\u00eda Paco, madre de familia que participa en el programa junto a su hija con discapacidad, resalt\u00f3 el impacto de la capacitaci\u00f3n en el bienestar de su hogar. \u00abNosotros estamos participando porque hemos ido a la alcald\u00eda para capacitarnos y aprender m\u00e1s de las masitas, para que mi hija aprenda m\u00e1s y ella sea independiente, porque yo toda la vida no voy a estar con ella; a m\u00ed me parece muy bien que el alcalde d\u00e9 estas clases\u00bb.<\/p>\n\n\n\n<p class=\"wp-block-paragraph\">\u200bEl proyecto cuenta con dos puntos de atenci\u00f3n o snacks que operar\u00e1n a partir de este lunes, en el horario de 09:00 a 16:00, con posibilidad de extender la jornada seg\u00fan la demanda de los usuarios. La oferta gastron\u00f3mica incluye una amplia variedad de reposter\u00eda como queques, flanes y postres, adem\u00e1s de opciones de comida r\u00e1pida entre las que destacan pizzas y tucumanas.<\/p>\n\n\n\n<p class=\"wp-block-paragraph\">\u200bPor su parte, el Secretario Municipal de Desarrollo Humano y Social Integral, Israel Fern\u00e1ndez, ponder\u00f3 el esfuerzo y la constancia de las participantes en este proceso formativo y comercial. \u00abEsta actividad realmente muestra el trabajo y la dedicaci\u00f3n que tienen las personas con discapacidad y sobre todo nuestras mujeres emprendedoras. Aqu\u00ed tenemos dos snacks denominados Cru Crujiente, donde fuera de vender los productos tambi\u00e9n se han capacitado en reposter\u00eda y gastronom\u00eda, y eso es lo que vamos mostrando a toda la gente que se acerca a este punto\u00bb, concluy\u00f3.<br>\/\/\/\/\/\/<\/p>\n","protected":false},"excerpt":{"rendered":"<p>PRENSA GAMEA \/ 05.09.2026 \u200bCon el prop\u00f3sito de promover la autonom\u00eda financiera y visibilizar el talento local, el Gobierno Municipal de El Alto concret\u00f3 la reapertura del proyecto \u00abCru Crujiente\u00bb, un espacio destinado a la comercializaci\u00f3n de productos gastron\u00f3micos y de reposter\u00eda elaborados por mujeres emprendedoras y personas con discapacidad que recibieron capacitaci\u00f3n t\u00e9cnica durante [&hellip;]<\/p>\n","protected":false},"author":17,"featured_media":27545,"comment_status":"open","ping_status":"open","sticky":false,"template":"","format":"standard","meta":{"content-type":"","footnotes":""},"categories":[161],"tags":[],"class_list":["post-27544","post","type-post","status-publish","format-standard","has-post-thumbnail","category-actividades"],"_links":{"self":[{"href":"https:\/\/elalto.gob.bo\/noticias\/index.php?rest_route=\/wp\/v2\/posts\/27544","targetHints":{"allow":["GET"]}}],"collection":[{"href":"https:\/\/elalto.gob.bo\/noticias\/index.php?rest_route=\/wp\/v2\/posts"}],"about":[{"href":"https:\/\/elalto.gob.bo\/noticias\/index.php?rest_route=\/wp\/v2\/types\/post"}],"author":[{"embeddable":true,"href":"https:\/\/elalto.gob.bo\/noticias\/index.php?rest_route=\/wp\/v2\/users\/17"}],"replies":[{"embeddable":true,"href":"https:\/\/elalto.gob.bo\/noticias\/index.php?rest_route=%2Fwp%2Fv2%2Fcomments&post=27544"}],"version-history":[{"count":1,"href":"https:\/\/elalto.gob.bo\/noticias\/index.php?rest_route=\/wp\/v2\/posts\/27544\/revisions"}],"predecessor-version":[{"id":27546,"href":"https:\/\/elalto.gob.bo\/noticias\/index.php?rest_route=\/wp\/v2\/posts\/27544\/revisions\/27546"}],"wp:featuredmedia":[{"embeddable":true,"href":"https:\/\/elalto.gob.bo\/noticias\/index.php?rest_route=\/wp\/v2\/media\/27545"}],"wp:attachment":[{"href":"https:\/\/elalto.gob.bo\/noticias\/index.php?rest_route=%2Fwp%2Fv2%2Fmedia&parent=27544"}],"wp:term":[{"taxonomy":"category","embeddable":true,"href":"https:\/\/elalto.gob.bo\/noticias\/index.php?rest_route=%2Fwp%2Fv2%2Fcategories&post=27544"},{"taxonomy":"post_tag","embeddable":true,"href":"https:\/\/elalto.gob.bo\/noticias\/index.php?rest_route=%2Fwp%2Fv2%2Ftags&post=27544"}],"curies":[{"name":"wp","href":"https:\/\/api.w.org\/{rel}","templated":true}]}}