{"id":27547,"date":"2026-09-06T14:54:35","date_gmt":"2026-09-06T18:54:35","guid":{"rendered":"https:\/\/elalto.gob.bo\/noticias\/?p=27547"},"modified":"2026-09-06T14:54:38","modified_gmt":"2026-09-06T18:54:38","slug":"con-minuto-de-silencio-y-caravana-ciclista-alcalde-eliser-roca-inaugura-dia-del-peaton","status":"publish","type":"post","link":"https:\/\/elalto.gob.bo\/noticias\/?p=27547","title":{"rendered":"Con minuto de silencio y caravana ciclista, Alcalde Eliser Roca inaugura D\u00eda del Peat\u00f3n"},"content":{"rendered":"\n<p class=\"wp-block-paragraph\"><em>PRENSA GAMEA 06.09.2026<\/em><\/p>\n\n\n\n<p class=\"wp-block-paragraph\">Con las avenidas libres del ruido de los motores, El Alto transform\u00f3 sus calles en un gran escenario de juego y convivencia. La jornada del D\u00eda del Peat\u00f3n y de la Defensa de la Madre Tierra arranc\u00f3 con un emotivo minuto de silencio en solidaridad por los hechos en Viacha, dando paso luego a un ambiente de encuentro familiar.<\/p>\n\n\n\n<p class=\"wp-block-paragraph\">\u200bEl momento central fue una vibrante caravana cicl\u00edstica de 11 kil\u00f3metros por la ciudad, donde ni\u00f1os, j\u00f3venes y adultos recibieron reconocimientos y premios simb\u00f3licos por su participaci\u00f3n.<\/p>\n\n\n\n<p class=\"wp-block-paragraph\">\u200bEn el arranque de las actividades, la autoridad municipal anunci\u00f3 importantes medidas para respaldar el deporte en la urbe.<\/p>\n\n\n\n<p class=\"wp-block-paragraph\">\u200b\u00bbEn los pr\u00f3ximos d\u00edas vamos a poner en vigencia el Decreto Edil N\u00b0 105 (&#8230;) para que todos los campos deportivos los d\u00edas martes y jueves sean de uso libre y sin cobrar un solo centavo a la poblaci\u00f3n\u00bb, sostuvo.<\/p>\n\n\n\n<p class=\"wp-block-paragraph\">\u200bAsimismo, destac\u00f3 las alianzas con el sector privado para ofrecer descuentos en gimnasios y el control de locales nocturnos informales.<\/p>\n\n\n\n<p class=\"wp-block-paragraph\">\u200b\u00bbEstamos haciendo tratativas con diferentes gimnasios para que en estas jornadas les puedan hacer el servicio de dos por uno, es decir, rebajar los costos para que nuestros j\u00f3venes, ni\u00f1os y nosotros mismos volvamos a la actividad deportiva que es vida y salud\u00bb, concluy\u00f3.<\/p>\n\n\n\n<p class=\"wp-block-paragraph\">\u200bEntre pedales, caminatas y sonrisas, la poblaci\u00f3n alte\u00f1a reafirm\u00f3 su compromiso con el cuidado del medio ambiente y la vida sana.<br>\/\/\/\/\/\/<\/p>\n","protected":false},"excerpt":{"rendered":"<p>PRENSA GAMEA 06.09.2026 Con las avenidas libres del ruido de los motores, El Alto transform\u00f3 sus calles en un gran escenario de juego y convivencia. La jornada del D\u00eda del Peat\u00f3n y de la Defensa de la Madre Tierra arranc\u00f3 con un emotivo minuto de silencio en solidaridad por los hechos en Viacha, dando paso [&hellip;]<\/p>\n","protected":false},"author":17,"featured_media":27548,"comment_status":"open","ping_status":"open","sticky":false,"template":"","format":"standard","meta":{"content-type":"","footnotes":""},"categories":[15],"tags":[],"class_list":["post-27547","post","type-post","status-publish","format-standard","has-post-thumbnail","category-gestion"],"_links":{"self":[{"href":"https:\/\/elalto.gob.bo\/noticias\/index.php?rest_route=\/wp\/v2\/posts\/27547","targetHints":{"allow":["GET"]}}],"collection":[{"href":"https:\/\/elalto.gob.bo\/noticias\/index.php?rest_route=\/wp\/v2\/posts"}],"about":[{"href":"https:\/\/elalto.gob.bo\/noticias\/index.php?rest_route=\/wp\/v2\/types\/post"}],"author":[{"embeddable":true,"href":"https:\/\/elalto.gob.bo\/noticias\/index.php?rest_route=\/wp\/v2\/users\/17"}],"replies":[{"embeddable":true,"href":"https:\/\/elalto.gob.bo\/noticias\/index.php?rest_route=%2Fwp%2Fv2%2Fcomments&post=27547"}],"version-history":[{"count":1,"href":"https:\/\/elalto.gob.bo\/noticias\/index.php?rest_route=\/wp\/v2\/posts\/27547\/revisions"}],"predecessor-version":[{"id":27549,"href":"https:\/\/elalto.gob.bo\/noticias\/index.php?rest_route=\/wp\/v2\/posts\/27547\/revisions\/27549"}],"wp:featuredmedia":[{"embeddable":true,"href":"https:\/\/elalto.gob.bo\/noticias\/index.php?rest_route=\/wp\/v2\/media\/27548"}],"wp:attachment":[{"href":"https:\/\/elalto.gob.bo\/noticias\/index.php?rest_route=%2Fwp%2Fv2%2Fmedia&parent=27547"}],"wp:term":[{"taxonomy":"category","embeddable":true,"href":"https:\/\/elalto.gob.bo\/noticias\/index.php?rest_route=%2Fwp%2Fv2%2Fcategories&post=27547"},{"taxonomy":"post_tag","embeddable":true,"href":"https:\/\/elalto.gob.bo\/noticias\/index.php?rest_route=%2Fwp%2Fv2%2Ftags&post=27547"}],"curies":[{"name":"wp","href":"https:\/\/api.w.org\/{rel}","templated":true}]}}