{"id":27550,"date":"2026-09-06T15:27:40","date_gmt":"2026-09-06T19:27:40","guid":{"rendered":"https:\/\/elalto.gob.bo\/noticias\/?p=27550"},"modified":"2026-09-06T15:27:43","modified_gmt":"2026-09-06T19:27:43","slug":"escuelas-municipales-de-deportes-despliegan-su-talento-en-el-dia-del-peaton","status":"publish","type":"post","link":"https:\/\/elalto.gob.bo\/noticias\/?p=27550","title":{"rendered":"Escuelas Municipales de Deportes despliegan su talento en el D\u00eda del Peat\u00f3n"},"content":{"rendered":"\n<p class=\"wp-block-paragraph\"><em>PRENSA GAMEA 06.09.2026<\/em><\/p>\n\n\n\n<p class=\"wp-block-paragraph\">\u200bEn una jornada marcada por el entusiasmo y la actividad f\u00edsica, las Escuelas Municipales de Deportes de El Alto mostraron su trabajo y destreza en las calles de la ciudad durante la celebraci\u00f3n del D\u00eda del Peat\u00f3n. La jornada arranc\u00f3 con una concurrida caravana de ciclistas desde la Calle 2 de la Ceja, con el acompa\u00f1amiento de la Asociaci\u00f3n Municipal de Ciclismo y efectivos del Regimiento Ingavi.<\/p>\n\n\n\n<p class=\"wp-block-paragraph\">\u200bEl Director Municipal de Deportes, Luis Miguel Arellano, resalt\u00f3 que estas escuelas est\u00e1n presentes en los diferentes distritos de la ciudad impartiendo formaci\u00f3n gratuita en disciplinas como futsal, f\u00fatbol, voleibol, b\u00e1squetbol, atletismo y b\u00e1dminton, abarcando a ni\u00f1os y j\u00f3venes entre los 6 y 18 a\u00f1os de edad.<\/p>\n\n\n\n<p class=\"wp-block-paragraph\">\u200b\u00bbQueremos mostrar a la poblaci\u00f3n que estamos trabajando. Nos encontramos en los diferentes campos deportivos que administramos como municipio incentivando estas disciplinas&#8230; queremos que nuestros j\u00f3venes sigan practicando deportes y que no exista la fuga de talentos\u00bb, destac\u00f3.<\/p>\n\n\n\n<p class=\"wp-block-paragraph\">\u200bA las demostraciones se sum\u00f3 la Asociaci\u00f3n Deportiva Municipal de Boxeo de El Alto. Su Presidente y entrenador, Jhonny Zegales, destac\u00f3 el desempe\u00f1o de los deportistas y el respaldo institucional.<\/p>\n\n\n\n<p class=\"wp-block-paragraph\">\u200b\u00bbHoy vamos a mostrar la Asociaci\u00f3n Deportiva de El Alto a nuestros j\u00f3venes, futuros campeones que se est\u00e1n preparando, ya hemos ido a diferentes cert\u00e1menes de donde hemos tra\u00eddo buenos lauros. El municipio nos apoya y decirle a nuestro alcalde: felicidades y gracias por el apoyo, querido alcalde\u00bb, afirm\u00f3.<\/p>\n\n\n\n<p class=\"wp-block-paragraph\">\u200bAsimismo, la Direcci\u00f3n de Deportes hizo una invitaci\u00f3n abierta a las juntas vecinales y comunidades de las distintas zonas que deseen aperturar nuevas escuelas deportivas municipales, coordinando el uso de las canchas para masificar la pr\u00e1ctica del deporte desde temprana edad.<\/p>\n","protected":false},"excerpt":{"rendered":"<p>PRENSA GAMEA 06.09.2026 \u200bEn una jornada marcada por el entusiasmo y la actividad f\u00edsica, las Escuelas Municipales de Deportes de El Alto mostraron su trabajo y destreza en las calles de la ciudad durante la celebraci\u00f3n del D\u00eda del Peat\u00f3n. La jornada arranc\u00f3 con una concurrida caravana de ciclistas desde la Calle 2 de la [&hellip;]<\/p>\n","protected":false},"author":17,"featured_media":27552,"comment_status":"open","ping_status":"open","sticky":false,"template":"","format":"standard","meta":{"content-type":"","footnotes":""},"categories":[163],"tags":[],"class_list":["post-27550","post","type-post","status-publish","format-standard","has-post-thumbnail","category-deportes"],"_links":{"self":[{"href":"https:\/\/elalto.gob.bo\/noticias\/index.php?rest_route=\/wp\/v2\/posts\/27550","targetHints":{"allow":["GET"]}}],"collection":[{"href":"https:\/\/elalto.gob.bo\/noticias\/index.php?rest_route=\/wp\/v2\/posts"}],"about":[{"href":"https:\/\/elalto.gob.bo\/noticias\/index.php?rest_route=\/wp\/v2\/types\/post"}],"author":[{"embeddable":true,"href":"https:\/\/elalto.gob.bo\/noticias\/index.php?rest_route=\/wp\/v2\/users\/17"}],"replies":[{"embeddable":true,"href":"https:\/\/elalto.gob.bo\/noticias\/index.php?rest_route=%2Fwp%2Fv2%2Fcomments&post=27550"}],"version-history":[{"count":1,"href":"https:\/\/elalto.gob.bo\/noticias\/index.php?rest_route=\/wp\/v2\/posts\/27550\/revisions"}],"predecessor-version":[{"id":27553,"href":"https:\/\/elalto.gob.bo\/noticias\/index.php?rest_route=\/wp\/v2\/posts\/27550\/revisions\/27553"}],"wp:featuredmedia":[{"embeddable":true,"href":"https:\/\/elalto.gob.bo\/noticias\/index.php?rest_route=\/wp\/v2\/media\/27552"}],"wp:attachment":[{"href":"https:\/\/elalto.gob.bo\/noticias\/index.php?rest_route=%2Fwp%2Fv2%2Fmedia&parent=27550"}],"wp:term":[{"taxonomy":"category","embeddable":true,"href":"https:\/\/elalto.gob.bo\/noticias\/index.php?rest_route=%2Fwp%2Fv2%2Fcategories&post=27550"},{"taxonomy":"post_tag","embeddable":true,"href":"https:\/\/elalto.gob.bo\/noticias\/index.php?rest_route=%2Fwp%2Fv2%2Ftags&post=27550"}],"curies":[{"name":"wp","href":"https:\/\/api.w.org\/{rel}","templated":true}]}}